{"id":1022,"date":"2017-08-12T15:44:49","date_gmt":"2017-08-12T13:44:49","guid":{"rendered":"http:\/\/rotary.kielce.pl\/?p=1022"},"modified":"2025-07-30T14:07:30","modified_gmt":"2025-07-30T12:07:30","slug":"prezydenci-rc-kielce","status":"publish","type":"post","link":"http:\/\/rotary.kielce.pl\/?p=1022","title":{"rendered":"Prezydenci RC KIELCE"},"content":{"rendered":"<h2>PREZYDENCI RC KIELCE<\/h2>\n<blockquote><p>02_07_2026&nbsp; Zbigniew Sender<\/p>\n<table class=\"tablemoje\">\n<tbody>\n<tr>\n<td style=\"text-align: center\"><\/td>\n<td><\/td>\n<\/tr>\n<tr>\n<td>1994\/1995<\/td>\n<td>J\u00f3zef P\u0142oskonka<\/td>\n<\/tr>\n<tr>\n<td>1995\/1996<\/td>\n<td>Alojzy Oborny<\/td>\n<\/tr>\n<tr>\n<td>1996\/1997<\/td>\n<td>Czes\u0142aw Kisza<\/td>\n<\/tr>\n<tr>\n<td>1997\/1998<\/td>\n<td>Andrzej Neimitz<\/td>\n<\/tr>\n<tr>\n<td>1998\/1999<\/td>\n<td>Miros\u0142aw \u0141akomiec<\/td>\n<\/tr>\n<tr>\n<td>1999\/2000<\/td>\n<td>Stanis\u0142aw G\u00f3\u017ad\u017a<\/td>\n<\/tr>\n<tr>\n<td>2000\/2001<\/td>\n<td>Bohdan Gumowski<\/td>\n<\/tr>\n<tr>\n<td>2001\/2002<\/td>\n<td>Andrzej Skrzypek<\/td>\n<\/tr>\n<tr>\n<td>2002\/2003<\/td>\n<td>Stanis\u0142aw Bie\u0144<\/td>\n<\/tr>\n<tr>\n<td>2003\/2004<\/td>\n<td>Adam Zygy\u0142a<\/td>\n<\/tr>\n<tr>\n<td>2004\/2005<\/td>\n<td>Stanis\u0142aw Adamczak<\/td>\n<\/tr>\n<tr>\n<td>2005\/2006<\/td>\n<td>Miros\u0142aw Skwarli\u0144ski<\/td>\n<\/tr>\n<tr>\n<td>2006\/2007<\/td>\n<td>Julian Ko\u0142osowski<\/td>\n<\/tr>\n<tr>\n<td>2007\/2008<\/td>\n<td>Ryszard Maj<\/td>\n<\/tr>\n<tr>\n<td>2008\/2009<\/td>\n<td>Jerzy Staszczyk<\/td>\n<\/tr>\n<tr>\n<td>2009\/2010<\/td>\n<td>Marek Jedrzejczak<\/td>\n<\/tr>\n<tr>\n<td>2010\/2011<\/td>\n<td>Janusz Cie\u015blik<\/td>\n<\/tr>\n<tr>\n<td>2011\/2012<\/td>\n<td>Leszek Walczyk<\/td>\n<\/tr>\n<tr>\n<td>2012\/2013<\/td>\n<td>Jaros\u0142aw Kosowski<\/td>\n<\/tr>\n<tr>\n<td>2013\/2014<\/td>\n<td>Wojciech Adamski<\/td>\n<\/tr>\n<tr>\n<td>2014\/2015<\/td>\n<td>Magdalena Sitek<\/td>\n<\/tr>\n<tr>\n<td>2015\/2016<\/td>\n<td>Hubert Konstantynowicz<\/td>\n<\/tr>\n<tr>\n<td>2016\/2017<\/td>\n<td>Ryszard Domagalski<\/td>\n<\/tr>\n<tr>\n<td>2017\/2018<\/td>\n<td>Mariusz Jab\u0142o\u0144ski<\/td>\n<\/tr>\n<tr>\n<td>2018\/2019<\/td>\n<td>Marcin Krzemi\u0144ski<\/td>\n<\/tr>\n<tr>\n<td>2019\/2020<\/td>\n<td>Marek Str\u0105czy\u0144ski<\/td>\n<\/tr>\n<tr>\n<td>2020\/2021<\/td>\n<td>Zbigniew Sender<\/td>\n<\/tr>\n<tr>\n<td>2021\/2022<\/td>\n<td>Jerzy Niepok\u00f3j<\/td>\n<\/tr>\n<tr>\n<td>2022\/2023<\/td>\n<td>Karolina Olejarz<\/td>\n<\/tr>\n<tr>\n<td>2023\/2024<\/td>\n<td>Magdalena \u017bmijewska<\/td>\n<\/tr>\n<tr>\n<td>2024\/2025<\/td>\n<td>Andrzej Neimitz<\/td>\n<\/tr>\n<tr>\n<td>2025\/2026<\/td>\n<td>Marek J\u0119drzejczak<\/td>\n<\/tr>\n<\/tbody>\n<\/table>\n<\/blockquote>\n","protected":false},"excerpt":{"rendered":"<p>PREZYDENCI RC KIELCE 02_07_2026&nbsp; Zbigniew Sender 1994\/1995 J\u00f3zef P\u0142oskonka 1995\/1996 Alojzy Oborny 1996\/1997 Czes\u0142aw Kisza 1997\/1998 Andrzej Neimitz 1998\/1999 Miros\u0142aw \u0141akomiec 1999\/2000 Stanis\u0142aw G\u00f3\u017ad\u017a 2000\/2001 Bohdan Gumowski 2001\/2002 Andrzej Skrzypek 2002\/2003 Stanis\u0142aw Bie\u0144 2003\/2004&#46;&#46;&#46;<\/p>\n","protected":false},"author":5,"featured_media":2046,"comment_status":"closed","ping_status":"closed","sticky":false,"template":"","format":"standard","meta":[],"categories":[9],"tags":[],"_links":{"self":[{"href":"http:\/\/rotary.kielce.pl\/index.php?rest_route=\/wp\/v2\/posts\/1022"}],"collection":[{"href":"http:\/\/rotary.kielce.pl\/index.php?rest_route=\/wp\/v2\/posts"}],"about":[{"href":"http:\/\/rotary.kielce.pl\/index.php?rest_route=\/wp\/v2\/types\/post"}],"author":[{"embeddable":true,"href":"http:\/\/rotary.kielce.pl\/index.php?rest_route=\/wp\/v2\/users\/5"}],"replies":[{"embeddable":true,"href":"http:\/\/rotary.kielce.pl\/index.php?rest_route=%2Fwp%2Fv2%2Fcomments&post=1022"}],"version-history":[{"count":11,"href":"http:\/\/rotary.kielce.pl\/index.php?rest_route=\/wp\/v2\/posts\/1022\/revisions"}],"predecessor-version":[{"id":2417,"href":"http:\/\/rotary.kielce.pl\/index.php?rest_route=\/wp\/v2\/posts\/1022\/revisions\/2417"}],"wp:featuredmedia":[{"embeddable":true,"href":"http:\/\/rotary.kielce.pl\/index.php?rest_route=\/wp\/v2\/media\/2046"}],"wp:attachment":[{"href":"http:\/\/rotary.kielce.pl\/index.php?rest_route=%2Fwp%2Fv2%2Fmedia&parent=1022"}],"wp:term":[{"taxonomy":"category","embeddable":true,"href":"http:\/\/rotary.kielce.pl\/index.php?rest_route=%2Fwp%2Fv2%2Fcategories&post=1022"},{"taxonomy":"post_tag","embeddable":true,"href":"http:\/\/rotary.kielce.pl\/index.php?rest_route=%2Fwp%2Fv2%2Ftags&post=1022"}],"curies":[{"name":"wp","href":"https:\/\/api.w.org\/{rel}","templated":true}]}}