{"id":1034,"date":"2019-03-20T14:59:29","date_gmt":"2019-03-20T13:59:29","guid":{"rendered":"http:\/\/rotary.kielce.pl\/?p=1034"},"modified":"2019-03-21T12:58:55","modified_gmt":"2019-03-21T11:58:55","slug":"dzialalnosc-charytatywna-rc-kielce","status":"publish","type":"post","link":"http:\/\/rotary.kielce.pl\/?p=1034","title":{"rendered":"Dzia\u0142alno\u015b\u0107 charytatywna RC Kielce"},"content":{"rendered":"<p><strong>Dzia\u0142alno\u015b\u0107 charytatywna RC Kielce<\/strong><br \/>\nRC Kielce stale wspiera Oddzia\u0142 Kielce Krajowego Towarzystwa Autyzmu. Z zebranych przez nas \u015brodk\u00f3w w ostatnim okresie klub RC Kielce :<\/p>\n<ul>\n<li>wyposa\u017cy\u0142 kompleksowo pomieszczenie kuchenne w \u015arodowiskowym Domu Samopomocy dla os\u00f3b z Autyzmem w Kielcach przy ul. Mieszka. ( meble, sprz\u0119t AGD- ok. 18.000 z\u0142),<\/li>\n<li>\u00a0zakupi\u0142 sprz\u0119t rehabilitacyjny ( ok. 10.000 z\u0142 ),<\/li>\n<li>\u00a0zakupi\u0142 Towarzystwu komputer-laptop,<\/li>\n<li>\u00a0wyremontowa\u0142 samoch\u00f3d do przewozu podopiecznych ( ok. 9.000 z\u0142 ).<\/li>\n<\/ul>\n<p>W okresie ostatniego roku RC Kielce:<\/p>\n<ul>\n<li>sfinansowa\u0142 badanie profilaktyczne w zakresie chor\u00f3b nowotworowych dla 40 dzieci w wieku od 1 roku do 6 lat. Akcja prowadzona by\u0142a wsp\u00f3lnie z Fundacj\u0105 S\u0142oneczna Przysz\u0142o\u015b\u0107 z Buska Zdroju,<\/li>\n<li>dofinansowa\u0142 pobyt dzieci ukrai\u0144skich z rejon\u00f3w dotkni\u0119tych konfliktem wojennym na wakacjach w Polsce,<\/li>\n<li>wspiera\u0142 m\u0142ode talenty muzyczne finansuj\u0105c warsztaty szkoleniowe;<\/li>\n<li>finansowo pom\u00f3g\u0142 w wyje\u017adzie kieleckich skaut\u00f3w na mi\u0119dzynarodowy zlot do Japonii,<\/li>\n<li>pokry\u0142 cz\u0119\u015b\u0107 koszt\u00f3w startu os\u00f3b na w\u00f3zkach inwalidzkich w mistrzostwach \u015bwiata w bilard,<\/li>\n<li>wspar\u0142 Fundacj\u0119 Fabryka Marzenie (zbi\u00f3rk\u0119 na dom dla rodziny \u017cyj\u0105cej w przera\u017caj\u0105cych warunkach socjalnych),<\/li>\n<li>ufundowa\u0142 &#8222;Paczki Miko\u0142ajkowe&#8221; dla ubogich rodzin,<\/li>\n<li>dofinansowa\u0142 udzia\u0142 m\u0142odzie\u017cy w mi\u0119dzynarodowych obozach \u017ceglarskich.<\/li>\n<\/ul>\n<p>\u015arodki finansowe przekazane na w\/w cele pochodzi\u0142y z darowizn cz\u0142onk\u00f3w klubu oraz pieni\u0119dzy zebranych podczas akcji charytatywnych. Klub nie korzysta\u0142 z dotacji publicznych.<br \/>\n<a href=\"http:\/\/rotary.kielce.pl\/wp-content\/uploads\/2018\/03\/DSC_0017.jpg\"><img decoding=\"async\" loading=\"lazy\" class=\"alignnone size-full wp-image-918\" alt=\"DSC_0017\" src=\"http:\/\/rotary.kielce.pl\/wp-content\/uploads\/2018\/03\/DSC_0017.jpg\" width=\"1000\" height=\"666\" srcset=\"http:\/\/rotary.kielce.pl\/wp-content\/uploads\/2018\/03\/DSC_0017.jpg 1000w, http:\/\/rotary.kielce.pl\/wp-content\/uploads\/2018\/03\/DSC_0017-300x199.jpg 300w\" sizes=\"(max-width: 1000px) 100vw, 1000px\" \/><\/a><\/p>\n","protected":false},"excerpt":{"rendered":"<p>Dzia\u0142alno\u015b\u0107 charytatywna RC Kielce RC Kielce stale wspiera Oddzia\u0142 Kielce Krajowego Towarzystwa Autyzmu. Z zebranych przez nas \u015brodk\u00f3w w ostatnim okresie klub RC Kielce : wyposa\u017cy\u0142 kompleksowo pomieszczenie kuchenne w \u015arodowiskowym Domu Samopomocy dla&#46;&#46;&#46;<\/p>\n","protected":false},"author":5,"featured_media":928,"comment_status":"closed","ping_status":"closed","sticky":false,"template":"","format":"standard","meta":[],"categories":[8],"tags":[],"_links":{"self":[{"href":"http:\/\/rotary.kielce.pl\/index.php?rest_route=\/wp\/v2\/posts\/1034"}],"collection":[{"href":"http:\/\/rotary.kielce.pl\/index.php?rest_route=\/wp\/v2\/posts"}],"about":[{"href":"http:\/\/rotary.kielce.pl\/index.php?rest_route=\/wp\/v2\/types\/post"}],"author":[{"embeddable":true,"href":"http:\/\/rotary.kielce.pl\/index.php?rest_route=\/wp\/v2\/users\/5"}],"replies":[{"embeddable":true,"href":"http:\/\/rotary.kielce.pl\/index.php?rest_route=%2Fwp%2Fv2%2Fcomments&post=1034"}],"version-history":[{"count":3,"href":"http:\/\/rotary.kielce.pl\/index.php?rest_route=\/wp\/v2\/posts\/1034\/revisions"}],"predecessor-version":[{"id":1036,"href":"http:\/\/rotary.kielce.pl\/index.php?rest_route=\/wp\/v2\/posts\/1034\/revisions\/1036"}],"wp:featuredmedia":[{"embeddable":true,"href":"http:\/\/rotary.kielce.pl\/index.php?rest_route=\/wp\/v2\/media\/928"}],"wp:attachment":[{"href":"http:\/\/rotary.kielce.pl\/index.php?rest_route=%2Fwp%2Fv2%2Fmedia&parent=1034"}],"wp:term":[{"taxonomy":"category","embeddable":true,"href":"http:\/\/rotary.kielce.pl\/index.php?rest_route=%2Fwp%2Fv2%2Fcategories&post=1034"},{"taxonomy":"post_tag","embeddable":true,"href":"http:\/\/rotary.kielce.pl\/index.php?rest_route=%2Fwp%2Fv2%2Ftags&post=1034"}],"curies":[{"name":"wp","href":"https:\/\/api.w.org\/{rel}","templated":true}]}}