{"id":1056,"date":"2018-09-18T11:29:38","date_gmt":"2018-09-18T09:29:38","guid":{"rendered":"http:\/\/rotary.kielce.pl\/?p=1056"},"modified":"2018-10-05T11:34:05","modified_gmt":"2018-10-05T09:34:05","slug":"wieczor-w-morawicy","status":"publish","type":"post","link":"http:\/\/rotary.kielce.pl\/?p=1056","title":{"rendered":"Wiecz\u00f3r w Morawicy"},"content":{"rendered":"<h2>Wiecz\u00f3r w Morawicy.<\/h2>\n<p>Klub Rotary Kielce spotka\u0142 si\u0119 w Morawicy. Odby\u0142o si\u0119 to na zaproszenie burmistrza <strong>Mariana Burasa<\/strong>. Obejrzeli\u015bmy prezentacj\u0119 o dorobku i osi\u0105gni\u0119ciach Miasta i Gminy oraz zobaczyli\u015bmy jedn\u0105 z najnowszych inwestycji &#8211; Kino za Rogiem. Podsumowuj\u0105c jednym zdaniem &#8211; maj\u0105 si\u0119 czym pochwali\u0107 !<\/p>\n<p>Ju\u017c wkr\u00f3tce dla m\u0142odzie\u017cy z Gminy ruszamy z autorskim programem pomocy.<\/p>\n<p>Prezydent Klubu Rotary Kielce<\/p>\n<p>Marcin Krzemi\u0144ski<\/p>\n<p><a href=\"http:\/\/rotary.kielce.pl\/wp-content\/uploads\/2018\/09\/DSC_0068.jpg\"><img decoding=\"async\" loading=\"lazy\" class=\"alignnone size-full wp-image-1057\" alt=\"DSC_0068\" src=\"http:\/\/rotary.kielce.pl\/wp-content\/uploads\/2018\/09\/DSC_0068.jpg\" width=\"1000\" height=\"666\" srcset=\"http:\/\/rotary.kielce.pl\/wp-content\/uploads\/2018\/09\/DSC_0068.jpg 1000w, http:\/\/rotary.kielce.pl\/wp-content\/uploads\/2018\/09\/DSC_0068-300x199.jpg 300w\" sizes=\"(max-width: 1000px) 100vw, 1000px\" \/><\/a> <a href=\"http:\/\/rotary.kielce.pl\/wp-content\/uploads\/2018\/09\/DSC_0072.jpg\"><img decoding=\"async\" loading=\"lazy\" class=\"alignnone size-full wp-image-1058\" alt=\"DSC_0072\" src=\"http:\/\/rotary.kielce.pl\/wp-content\/uploads\/2018\/09\/DSC_0072.jpg\" width=\"1000\" height=\"666\" srcset=\"http:\/\/rotary.kielce.pl\/wp-content\/uploads\/2018\/09\/DSC_0072.jpg 1000w, http:\/\/rotary.kielce.pl\/wp-content\/uploads\/2018\/09\/DSC_0072-300x199.jpg 300w\" sizes=\"(max-width: 1000px) 100vw, 1000px\" \/><\/a><br \/>\n<a href=\"http:\/\/rotary.kielce.pl\/wp-content\/uploads\/2018\/09\/morawica3.jpg\"><img decoding=\"async\" loading=\"lazy\" src=\"http:\/\/rotary.kielce.pl\/wp-content\/uploads\/2018\/09\/morawica3.jpg\" alt=\"morawica3\" width=\"1210\" height=\"908\" class=\"alignnone size-full wp-image-1091\" srcset=\"http:\/\/rotary.kielce.pl\/wp-content\/uploads\/2018\/09\/morawica3.jpg 1210w, http:\/\/rotary.kielce.pl\/wp-content\/uploads\/2018\/09\/morawica3-300x225.jpg 300w, http:\/\/rotary.kielce.pl\/wp-content\/uploads\/2018\/09\/morawica3-1024x768.jpg 1024w\" sizes=\"(max-width: 1210px) 100vw, 1210px\" \/><\/a><\/p>\n<p><a href=\"http:\/\/rotary.kielce.pl\/wp-content\/uploads\/2018\/09\/morawica4.jpg\"><img decoding=\"async\" loading=\"lazy\" src=\"http:\/\/rotary.kielce.pl\/wp-content\/uploads\/2018\/09\/morawica4.jpg\" alt=\"morawica4\" width=\"1210\" height=\"908\" class=\"alignnone size-full wp-image-1092\" srcset=\"http:\/\/rotary.kielce.pl\/wp-content\/uploads\/2018\/09\/morawica4.jpg 1210w, http:\/\/rotary.kielce.pl\/wp-content\/uploads\/2018\/09\/morawica4-300x225.jpg 300w, http:\/\/rotary.kielce.pl\/wp-content\/uploads\/2018\/09\/morawica4-1024x768.jpg 1024w\" sizes=\"(max-width: 1210px) 100vw, 1210px\" \/><\/a><\/p>\n","protected":false},"excerpt":{"rendered":"<p>Wiecz\u00f3r w Morawicy. Klub Rotary Kielce spotka\u0142 si\u0119 w Morawicy. Odby\u0142o si\u0119 to na zaproszenie burmistrza Mariana Burasa. Obejrzeli\u015bmy prezentacj\u0119 o dorobku i osi\u0105gni\u0119ciach Miasta i Gminy oraz zobaczyli\u015bmy jedn\u0105 z najnowszych inwestycji &#8211;&#46;&#46;&#46;<\/p>\n","protected":false},"author":5,"featured_media":1057,"comment_status":"closed","ping_status":"closed","sticky":false,"template":"","format":"standard","meta":[],"categories":[7],"tags":[],"_links":{"self":[{"href":"http:\/\/rotary.kielce.pl\/index.php?rest_route=\/wp\/v2\/posts\/1056"}],"collection":[{"href":"http:\/\/rotary.kielce.pl\/index.php?rest_route=\/wp\/v2\/posts"}],"about":[{"href":"http:\/\/rotary.kielce.pl\/index.php?rest_route=\/wp\/v2\/types\/post"}],"author":[{"embeddable":true,"href":"http:\/\/rotary.kielce.pl\/index.php?rest_route=\/wp\/v2\/users\/5"}],"replies":[{"embeddable":true,"href":"http:\/\/rotary.kielce.pl\/index.php?rest_route=%2Fwp%2Fv2%2Fcomments&post=1056"}],"version-history":[{"count":3,"href":"http:\/\/rotary.kielce.pl\/index.php?rest_route=\/wp\/v2\/posts\/1056\/revisions"}],"predecessor-version":[{"id":1094,"href":"http:\/\/rotary.kielce.pl\/index.php?rest_route=\/wp\/v2\/posts\/1056\/revisions\/1094"}],"wp:featuredmedia":[{"embeddable":true,"href":"http:\/\/rotary.kielce.pl\/index.php?rest_route=\/wp\/v2\/media\/1057"}],"wp:attachment":[{"href":"http:\/\/rotary.kielce.pl\/index.php?rest_route=%2Fwp%2Fv2%2Fmedia&parent=1056"}],"wp:term":[{"taxonomy":"category","embeddable":true,"href":"http:\/\/rotary.kielce.pl\/index.php?rest_route=%2Fwp%2Fv2%2Fcategories&post=1056"},{"taxonomy":"post_tag","embeddable":true,"href":"http:\/\/rotary.kielce.pl\/index.php?rest_route=%2Fwp%2Fv2%2Ftags&post=1056"}],"curies":[{"name":"wp","href":"https:\/\/api.w.org\/{rel}","templated":true}]}}