{"id":1073,"date":"2018-10-04T12:01:12","date_gmt":"2018-10-04T10:01:12","guid":{"rendered":"http:\/\/rotary.kielce.pl\/?p=1073"},"modified":"2018-10-05T10:11:23","modified_gmt":"2018-10-05T08:11:23","slug":"pomoc-dla-poszkodowanych-w-meksyku","status":"publish","type":"post","link":"http:\/\/rotary.kielce.pl\/?p=1073","title":{"rendered":"Pomoc dla poszkodowanych w Meksyku"},"content":{"rendered":"<p>\u0141zy szcz\u0119\u015bcia .<\/p>\n<p>Tradycyjnie w poniedzia\u0142ek odby\u0142o si\u0119 spotkanie naszego klubu. Om\u00f3wili\u015bmy: akcj\u0119 pomocy dla osoby autystycznej, dla kt\u00f3rej kupili\u015bmy niezb\u0119dne wyposa\u017cenie do domu; organizacj\u0119 koncertu w\u0142oskiego pianisty z okazji 100-lecia niepodleg\u0142o\u015bci Polski oraz darmowych seans\u00f3w kinowych dla m\u0142odzie\u017cy szkolnej.\u00a0 Go\u015bciem spotkania by\u0142a Joanna Michel Parra z Meksyku, przebywaj\u0105ca w Kielcach w ramach programu mi\u0119dzynarodowej wymiany m\u0142odzie\u017cy.\u00a0 Joanna mieszka w miejscowo\u015bci Culiacan, kt\u00f3re w ostatnich dniach zosta\u0142o powa\u017cnie zniszczone przez huragan. Pow\u00f3d\u017a zniszczy\u0142a domy jej bliskich. \u00a0Postanowili\u015bmy pom\u00f3c pokrzywdzonym i po kr\u00f3tkiej dyskusji zapad\u0142a decyzja o przekazaniu kwoty 2.000 dolar\u00f3w. Poinformowana o tym Joanna rozp\u0142aka\u0142a si\u0119 \u0142zami szcz\u0119\u015bcia.\u00a0 Szcz\u0119\u015bliwa przekaza\u0142a t\u0105 informacj\u0119 do Meksyku. Na odpowied\u017a nie trzeba by\u0142o d\u0142ugo czeka\u0107. Ojciec dziewczyny Arturo Michel Perry przes\u0142a\u0142 nast\u0119puj\u0105cego maila:<\/p>\n<blockquote><p><i>\u201eZ ca\u0142ego serca dzi\u0119kujemy za to, co robicie dla naszej rodziny i naszego kraju, bardzo serdecznie dzi\u0119kujemy ca\u0142ej rodzinie Olejarz, klubom Rotary, kolegom z klasy i znajomym Joanny, a zw\u0142aszcza naszej siostrzanej Polsce, nie ma s\u0142\u00f3w, aby podzi\u0119kowa\u0107 wszystkim, co robi\u0105. <\/i><i>B\u0142ogos\u0142awie\u0144stwa<\/i>\u201d.<\/p><\/blockquote>\n<p>Klub postanowi\u0142 zwr\u00f3ci\u0107 si\u0119 do innych polskich klub\u00f3w Rotary z apelem o pomoc dla ofiar kataklizmu.<\/p>\n<p><a href=\"http:\/\/rotary.kielce.pl\/wp-content\/uploads\/2018\/10\/ROTARY-CLUB-KIELCE-APEL-O-POMOC-DLA-MEKSYKU..pdf\">ROTARY CLUB KIELCE &#8211; APEL O POMOC DLA MEKSYKU.<\/a><\/p>\n<h3>Marcin Krzeminski<\/h3>\n","protected":false},"excerpt":{"rendered":"<p>\u0141zy szcz\u0119\u015bcia . Tradycyjnie w poniedzia\u0142ek odby\u0142o si\u0119 spotkanie naszego klubu. Om\u00f3wili\u015bmy: akcj\u0119 pomocy dla osoby autystycznej, dla kt\u00f3rej kupili\u015bmy niezb\u0119dne wyposa\u017cenie do domu; organizacj\u0119 koncertu w\u0142oskiego pianisty z okazji 100-lecia niepodleg\u0142o\u015bci Polski oraz&#46;&#46;&#46;<\/p>\n","protected":false},"author":5,"featured_media":1074,"comment_status":"closed","ping_status":"closed","sticky":false,"template":"","format":"standard","meta":[],"categories":[7],"tags":[],"_links":{"self":[{"href":"http:\/\/rotary.kielce.pl\/index.php?rest_route=\/wp\/v2\/posts\/1073"}],"collection":[{"href":"http:\/\/rotary.kielce.pl\/index.php?rest_route=\/wp\/v2\/posts"}],"about":[{"href":"http:\/\/rotary.kielce.pl\/index.php?rest_route=\/wp\/v2\/types\/post"}],"author":[{"embeddable":true,"href":"http:\/\/rotary.kielce.pl\/index.php?rest_route=\/wp\/v2\/users\/5"}],"replies":[{"embeddable":true,"href":"http:\/\/rotary.kielce.pl\/index.php?rest_route=%2Fwp%2Fv2%2Fcomments&post=1073"}],"version-history":[{"count":4,"href":"http:\/\/rotary.kielce.pl\/index.php?rest_route=\/wp\/v2\/posts\/1073\/revisions"}],"predecessor-version":[{"id":1090,"href":"http:\/\/rotary.kielce.pl\/index.php?rest_route=\/wp\/v2\/posts\/1073\/revisions\/1090"}],"wp:featuredmedia":[{"embeddable":true,"href":"http:\/\/rotary.kielce.pl\/index.php?rest_route=\/wp\/v2\/media\/1074"}],"wp:attachment":[{"href":"http:\/\/rotary.kielce.pl\/index.php?rest_route=%2Fwp%2Fv2%2Fmedia&parent=1073"}],"wp:term":[{"taxonomy":"category","embeddable":true,"href":"http:\/\/rotary.kielce.pl\/index.php?rest_route=%2Fwp%2Fv2%2Fcategories&post=1073"},{"taxonomy":"post_tag","embeddable":true,"href":"http:\/\/rotary.kielce.pl\/index.php?rest_route=%2Fwp%2Fv2%2Ftags&post=1073"}],"curies":[{"name":"wp","href":"https:\/\/api.w.org\/{rel}","templated":true}]}}