{"id":1081,"date":"2018-10-04T19:28:23","date_gmt":"2018-10-04T17:28:23","guid":{"rendered":"http:\/\/rotary.kielce.pl\/?p=1081"},"modified":"2018-10-04T19:31:01","modified_gmt":"2018-10-04T17:31:01","slug":"koncert-charytatywny-z-okazji-100-lecia-niepodleglosci-polski","status":"publish","type":"post","link":"http:\/\/rotary.kielce.pl\/?p=1081","title":{"rendered":"Koncert Charytatywny z okazji 100-lecia Niepodleg\u0142o\u015bci Polski"},"content":{"rendered":"<h4>Koncert charytatywny<\/h4>\n<p><a href=\"http:\/\/rotary.kielce.pl\/wp-content\/uploads\/2018\/10\/zaproszenie2.jpeg\"><img decoding=\"async\" loading=\"lazy\" class=\"alignnone size-full wp-image-1083\" alt=\"zaproszenie2\" src=\"http:\/\/rotary.kielce.pl\/wp-content\/uploads\/2018\/10\/zaproszenie2.jpeg\" width=\"1551\" height=\"791\" srcset=\"http:\/\/rotary.kielce.pl\/wp-content\/uploads\/2018\/10\/zaproszenie2.jpeg 1551w, http:\/\/rotary.kielce.pl\/wp-content\/uploads\/2018\/10\/zaproszenie2-300x152.jpeg 300w, http:\/\/rotary.kielce.pl\/wp-content\/uploads\/2018\/10\/zaproszenie2-1024x522.jpeg 1024w\" sizes=\"(max-width: 1551px) 100vw, 1551px\" \/><\/a> Rotary Club Kielce i szpital Okulistyczny Medilens zapraszaj\u0105 na Koncert charytatywny z okazji 100-lecia Niepodleg\u0142o\u015bci Polski &#8221; Z ziemi w\u0142oskiej do polskiej&#8221;, kt\u00f3ry odb\u0119dzie si\u0119 w Zespole Pa\u0144stwowych Szk\u00f3\u0142 Muzycznych im. L. R\u00f3\u017cyckiego w Kielcach w dniu 5 pa\u017adziernika o godzinie 18.00. G\u0142\u00f3wnym wykonawc\u0105 b\u0119dzie w\u0142oski pianista Francesco Attesti. W programie utwory: F.Chopina, F. Schuberta i &#8221; Goldbergowskie wariacie&#8221; J. S. Bacha. W przerwie koncertu b\u0119dzie prowadzona zbi\u00f3rka pieni\u0119dzy na walk\u0119 z polio. Bezp\u0142atne zaproszenia dost\u0119pne w Medilens , Kielce ul. Kozia 3 lub bezpo\u015brednio przed koncertem w Szkole Muzycznej.<\/p>\n","protected":false},"excerpt":{"rendered":"<p>Koncert charytatywny Rotary Club Kielce i szpital Okulistyczny Medilens zapraszaj\u0105 na Koncert charytatywny z okazji 100-lecia Niepodleg\u0142o\u015bci Polski &#8221; Z ziemi w\u0142oskiej do polskiej&#8221;, kt\u00f3ry odb\u0119dzie si\u0119 w Zespole Pa\u0144stwowych Szk\u00f3\u0142 Muzycznych im. L.&#46;&#46;&#46;<\/p>\n","protected":false},"author":5,"featured_media":1082,"comment_status":"closed","ping_status":"closed","sticky":false,"template":"","format":"standard","meta":[],"categories":[7],"tags":[],"_links":{"self":[{"href":"http:\/\/rotary.kielce.pl\/index.php?rest_route=\/wp\/v2\/posts\/1081"}],"collection":[{"href":"http:\/\/rotary.kielce.pl\/index.php?rest_route=\/wp\/v2\/posts"}],"about":[{"href":"http:\/\/rotary.kielce.pl\/index.php?rest_route=\/wp\/v2\/types\/post"}],"author":[{"embeddable":true,"href":"http:\/\/rotary.kielce.pl\/index.php?rest_route=\/wp\/v2\/users\/5"}],"replies":[{"embeddable":true,"href":"http:\/\/rotary.kielce.pl\/index.php?rest_route=%2Fwp%2Fv2%2Fcomments&post=1081"}],"version-history":[{"count":4,"href":"http:\/\/rotary.kielce.pl\/index.php?rest_route=\/wp\/v2\/posts\/1081\/revisions"}],"predecessor-version":[{"id":1087,"href":"http:\/\/rotary.kielce.pl\/index.php?rest_route=\/wp\/v2\/posts\/1081\/revisions\/1087"}],"wp:featuredmedia":[{"embeddable":true,"href":"http:\/\/rotary.kielce.pl\/index.php?rest_route=\/wp\/v2\/media\/1082"}],"wp:attachment":[{"href":"http:\/\/rotary.kielce.pl\/index.php?rest_route=%2Fwp%2Fv2%2Fmedia&parent=1081"}],"wp:term":[{"taxonomy":"category","embeddable":true,"href":"http:\/\/rotary.kielce.pl\/index.php?rest_route=%2Fwp%2Fv2%2Fcategories&post=1081"},{"taxonomy":"post_tag","embeddable":true,"href":"http:\/\/rotary.kielce.pl\/index.php?rest_route=%2Fwp%2Fv2%2Ftags&post=1081"}],"curies":[{"name":"wp","href":"https:\/\/api.w.org\/{rel}","templated":true}]}}