{"id":1096,"date":"2018-10-12T10:03:30","date_gmt":"2018-10-12T08:03:30","guid":{"rendered":"http:\/\/rotary.kielce.pl\/?p=1096"},"modified":"2018-10-12T10:11:14","modified_gmt":"2018-10-12T08:11:14","slug":"konferencja-dystryktu-2231-w-polanicy","status":"publish","type":"post","link":"http:\/\/rotary.kielce.pl\/?p=1096","title":{"rendered":"Konferencja Dystryktu 2231 w Polanicy."},"content":{"rendered":"<h3>Konferencja Dystryktu 2231 w Polanicy.<\/h3>\n<p>W Polanicy Zdr\u00f3j odby\u0142a si\u0119 doroczna konferencja polskiego dystryktu Rotary. Nasz klub reprezentowali \u2013 prezydent Marcin Krzemi\u0144ski i cz\u0142onek klubu Karolina Olejarz. W Polanicy skupiono si\u0119 na om\u00f3wieniu g\u0142\u00f3wnych zada\u0144 Dystryktu, przygotowaniu do \u015awiatowej Konwencji Rotary w 2019 roku oraz nowych propozycjach wsp\u00f3\u0142pracy mi\u0119dzynarodowej.<\/p>\n<p>Korzystaj\u0105c w wyjazdu na Dolny \u015al\u0105sk umo\u017cliwiono udzia\u0142 przebywaj\u0105cej u nas na wymianie m\u0142odzie\u017cowej Joannie Parra w spotkaniu m\u0142odzie\u017cy we Wroc\u0142awiu. Atrakcyjny program zapewni\u0142 \u201e wymie\u0144com\u201d z Brazylii i Meksyku rotaria\u0144ski kolega Wojciech Fr\u0105czak.<\/p>\n<p>Marcin Krzeminski<\/p>\n<p><a href=\"http:\/\/rotary.kielce.pl\/wp-content\/uploads\/2018\/10\/IMG_5369-e1539331798113.jpg\"><img decoding=\"async\" loading=\"lazy\" class=\"alignnone size-full wp-image-1101\" alt=\"IMG_5369\" src=\"http:\/\/rotary.kielce.pl\/wp-content\/uploads\/2018\/10\/IMG_5369-e1539331798113.jpg\" width=\"3024\" height=\"4032\" srcset=\"http:\/\/rotary.kielce.pl\/wp-content\/uploads\/2018\/10\/IMG_5369-e1539331798113.jpg 3024w, http:\/\/rotary.kielce.pl\/wp-content\/uploads\/2018\/10\/IMG_5369-e1539331798113-225x300.jpg 225w, http:\/\/rotary.kielce.pl\/wp-content\/uploads\/2018\/10\/IMG_5369-e1539331798113-768x1024.jpg 768w\" sizes=\"(max-width: 3024px) 100vw, 3024px\" \/><\/a><\/p>\n<p><a href=\"http:\/\/rotary.kielce.pl\/wp-content\/uploads\/2018\/10\/konferencja-dystryktu-2231-polanica-zdroj-38.jpg\"><img decoding=\"async\" loading=\"lazy\" class=\"alignnone size-full wp-image-1098\" alt=\"konferencja-dystryktu-2231-polanica-zdroj-38\" src=\"http:\/\/rotary.kielce.pl\/wp-content\/uploads\/2018\/10\/konferencja-dystryktu-2231-polanica-zdroj-38.jpg\" width=\"5168\" height=\"2761\" srcset=\"http:\/\/rotary.kielce.pl\/wp-content\/uploads\/2018\/10\/konferencja-dystryktu-2231-polanica-zdroj-38.jpg 5168w, http:\/\/rotary.kielce.pl\/wp-content\/uploads\/2018\/10\/konferencja-dystryktu-2231-polanica-zdroj-38-300x160.jpg 300w, http:\/\/rotary.kielce.pl\/wp-content\/uploads\/2018\/10\/konferencja-dystryktu-2231-polanica-zdroj-38-1024x547.jpg 1024w\" sizes=\"(max-width: 5168px) 100vw, 5168px\" \/><\/a> <a href=\"http:\/\/rotary.kielce.pl\/wp-content\/uploads\/2018\/10\/Polanica.jpg\"><img decoding=\"async\" loading=\"lazy\" class=\"alignnone size-full wp-image-1099\" alt=\"Polanica\" src=\"http:\/\/rotary.kielce.pl\/wp-content\/uploads\/2018\/10\/Polanica.jpg\" width=\"1000\" height=\"750\" srcset=\"http:\/\/rotary.kielce.pl\/wp-content\/uploads\/2018\/10\/Polanica.jpg 1000w, http:\/\/rotary.kielce.pl\/wp-content\/uploads\/2018\/10\/Polanica-300x225.jpg 300w\" sizes=\"(max-width: 1000px) 100vw, 1000px\" \/><\/a><\/p>\n","protected":false},"excerpt":{"rendered":"<p>Konferencja Dystryktu 2231 w Polanicy. W Polanicy Zdr\u00f3j odby\u0142a si\u0119 doroczna konferencja polskiego dystryktu Rotary. Nasz klub reprezentowali \u2013 prezydent Marcin Krzemi\u0144ski i cz\u0142onek klubu Karolina Olejarz. W Polanicy skupiono si\u0119 na om\u00f3wieniu g\u0142\u00f3wnych&#46;&#46;&#46;<\/p>\n","protected":false},"author":5,"featured_media":1098,"comment_status":"closed","ping_status":"closed","sticky":false,"template":"","format":"standard","meta":[],"categories":[7],"tags":[],"_links":{"self":[{"href":"http:\/\/rotary.kielce.pl\/index.php?rest_route=\/wp\/v2\/posts\/1096"}],"collection":[{"href":"http:\/\/rotary.kielce.pl\/index.php?rest_route=\/wp\/v2\/posts"}],"about":[{"href":"http:\/\/rotary.kielce.pl\/index.php?rest_route=\/wp\/v2\/types\/post"}],"author":[{"embeddable":true,"href":"http:\/\/rotary.kielce.pl\/index.php?rest_route=\/wp\/v2\/users\/5"}],"replies":[{"embeddable":true,"href":"http:\/\/rotary.kielce.pl\/index.php?rest_route=%2Fwp%2Fv2%2Fcomments&post=1096"}],"version-history":[{"count":3,"href":"http:\/\/rotary.kielce.pl\/index.php?rest_route=\/wp\/v2\/posts\/1096\/revisions"}],"predecessor-version":[{"id":1103,"href":"http:\/\/rotary.kielce.pl\/index.php?rest_route=\/wp\/v2\/posts\/1096\/revisions\/1103"}],"wp:featuredmedia":[{"embeddable":true,"href":"http:\/\/rotary.kielce.pl\/index.php?rest_route=\/wp\/v2\/media\/1098"}],"wp:attachment":[{"href":"http:\/\/rotary.kielce.pl\/index.php?rest_route=%2Fwp%2Fv2%2Fmedia&parent=1096"}],"wp:term":[{"taxonomy":"category","embeddable":true,"href":"http:\/\/rotary.kielce.pl\/index.php?rest_route=%2Fwp%2Fv2%2Fcategories&post=1096"},{"taxonomy":"post_tag","embeddable":true,"href":"http:\/\/rotary.kielce.pl\/index.php?rest_route=%2Fwp%2Fv2%2Ftags&post=1096"}],"curies":[{"name":"wp","href":"https:\/\/api.w.org\/{rel}","templated":true}]}}