{"id":113,"date":"2016-02-26T12:25:54","date_gmt":"2016-02-26T11:25:54","guid":{"rendered":"http:\/\/wp.tu.kielce.pl\/?p=113"},"modified":"2024-10-04T17:55:34","modified_gmt":"2024-10-04T15:55:34","slug":"historia","status":"publish","type":"post","link":"http:\/\/rotary.kielce.pl\/?p=113","title":{"rendered":"Historia"},"content":{"rendered":"<p><b>Kr\u00f3tka historia RC Kielce<\/b><\/p>\n<p><b>\u00a0Rotary Klub Kielce powsta\u0142 w po\u0142owie lat 90-tych XX wieku.<\/b>\u00a0W 1994 roku zawi\u0105za\u0142a si\u0119 grupa inicjatywna ,w sk\u0142ad kt\u00f3rej wesz\u0142y wiod\u0105ce osobowo\u015bci r\u00f3\u017cnych profesji. Mi\u0119dzy innymi: przedsi\u0119biorcy, prawnicy, lekarze, naukowcy\u2026<\/p>\n<p>W m\u0119skim gronie (kluby zrzesza\u0142y w\u00f3wczas samych m\u0119\u017cczyzn) zapad\u0142y decyzje o stworzeniu w Kielcach klubu rotary. Od pocz\u0105tku spotkania odbywa\u0142y si\u0119 w budynku kieleckiego Exbudu ( dzi\u015b wspomniana firma nie istnieje, budynek natomiast nadal jest siedzib\u0105 klubu). Przez prawie rok dokonywano stosownych formalno\u015bci ,by <b>29 maja 1995 roku<\/b> mog\u0142o doj\u015b\u0107 do charteru klubu. W sk\u0142ad klubu weszli panowie:<\/p>\n<p>Wojciech Adamski, Stanis\u0142aw Adamczak, Wojciech Arczy\u0144ski, Micha\u0142 Cha\u0142o\u0144ski, Marek Eberchardt, Stanis\u0142aw G\u00f3\u017ad\u017a, Bohdan Gumowski, Marek J\u0119drzejczak, Czes\u0142aw Kisza, Jaros\u0142aw Kossowski, Adam Massalski, Miros\u0142aw \u0141akomiec, Alojzy Oborny, J\u00f3zef P\u0142oskonka, Andrzej Piasecki, Henryk Rzepa, Grzegorz Sosnowski, Tomasz Szreder, Andrzej Tekiel, Adam Zygu\u0142a. Prezydentem charterowym zosta\u0142 J\u00f3zef P\u0142oskonka \u00f3wczesny wojewoda kielecki.<\/p>\n<p>Od pocz\u0105tku istnienia Rotary Klub Kielce aktywnie w\u0142\u0105cza\u0142 si\u0119 w dzia\u0142ania , kt\u00f3rych celem by\u0142o niesienie pomocy potrzebuj\u0105cym. Realizowano projekty lokalne, krajowe ale tak\u017ce przekraczaj\u0105ce granice Polski. Formy pomocy i jej adresaci zmieniali si\u0119 w zale\u017cno\u015bci od aktualnych potrzeb oraz mo\u017cliwo\u015bci. Ju\u017c 20 lat temu cz\u0142onkowie kieleckiego klubu dostrzegli w regionie potrzeb\u0119 wspierania uzdolnionej m\u0142odzie\u017cy, kt\u00f3ra ze wzgl\u0119d\u00f3w materialnych nie mog\u0142a rozwija\u0107 swoich talent\u00f3w. Stypendia fundowane przez rotarian z Kielc wspomog\u0142y nie jeden talent. By\u0142y te\u017c mi\u0119dzy innymi: komputery dla uczni\u00f3w ze Staszowa, pomoc dla powodzian, kabina przystosowuj\u0105ca do normalnego \u017cycia osoby niewidz\u0105ce i niedowidz\u0105ce czy dofinansowanie pobytu wakacyjnego dzieci ze wschodu .<\/p>\n<p>Wspieranie likwidacji Polio na \u015bwiecie, to jeden z najwa\u017cniejszych \u015bwiatowych projekt\u00f3w, w kt\u00f3rych kielecki klub bierze aktywny udzia\u0142.<\/p>\n<p>Najpowa\u017cniejszym i wieloletnim projektem Rotary Klubu Kielce kontynuowanym do dzi\u015b jest opieka nad kieleckim o\u015brodkiem dla os\u00f3b dotkni\u0119tych autyzmem. O\u015brodek znajduje si\u0119 w budynku wymagaj\u0105cym ci\u0105g\u0142ych nak\u0142ad\u00f3w inwestycyjnych.\u00a0\u00a0\u00a0\u00a0\u00a0 W 2015 roku RC Kielce wyposa\u017cy\u0142o budynek w nowoczesn\u0105 kuchni\u0119 ,w kt\u00f3rej podopieczni sami przygotowuj\u0105 sobie posi\u0142ki ucz\u0105c si\u0119 w ten spos\u00f3b normalnego \u017cycia.<\/p>\n<p>Kielecki Klub Rotary to grupa dobrych znajomych, kt\u00f3rzy zawsze s\u0105 gotowi do podejmowania dzia\u0142a\u0144 wspieraj\u0105cych potrzebuj\u0105cych. Przez wiele lat klub zrzesza\u0142 samych pan\u00f3w. W 2007 roku do klubu do\u0142\u0105czy\u0142a pierwsza kobieta &#8211; Magdalena Sitek ,w 2013 klub wzbogaci\u0142 si\u0119 o kolejn\u0105 pani\u0105 &#8211; Magdalen\u0119 \u017bmijewsk\u0105.<\/p>\n<p>Spotkania klubowe to doskona\u0142a okazja do poszerzania wiedzy z zakresu r\u00f3\u017cnych dziedzin \u017cycia. Guest speakerzy\u00a0pojawiaj\u0105cy si\u0119 na spotkaniach dziel\u0105 si\u0119 z cz\u0142onkami klubu swoimi do\u015bwiadczeniami i wiedz\u0105.\u00a0Wsp\u00f3lnie sp\u0119dzany czas sprzyja pog\u0142\u0119bianiu przyja\u017ani oraz poznawaniu r\u00f3\u017cnych zak\u0105tk\u00f3w regionu.<\/p>\n<p>Imprezy charytatywne organizowane przez Rotary Klubu\u00a0Kielce przyci\u0105gaj\u0105 Rotarian z ca\u0142ego kraju. Dzi\u0119ki pozyskiwanym \u015brodkom uda\u0142o si\u0119 pom\u00f3c ju\u017c wielu osobom.<\/p>\n<p>Czas biegnie do przodu \u2026..Nikt nie jest w stanie go zatrzyma\u0107 .<\/p>\n<p>Rotary Klub Kielce ma za sob\u0105 dwie dekady dzia\u0142alno\u015bci. Co przed nami ? Czas poka\u017ce. Jedno jest pewne. Kielecki klub zawsze b\u0119dzie dzia\u0142a\u0142 zgodnie ze star\u0105 rotria\u0144sk\u0105 zasad\u0105 <b><i>\u201edzia\u0142a\u0107 dla innych ponad korzy\u015b\u0107 w\u0142asn\u0105\u201d.<\/i><\/b><\/p>\n<p>&nbsp;<\/p>\n<p>&nbsp;<\/p>\n<p><strong>\u00a0<\/strong><\/p>\n<h2>PREZYDENCI RC KIELCE<\/h2>\n<blockquote>\n<table class=\"tablemoje\">\n<tbody>\n<tr>\n<td style=\"text-align: center;\"><\/td>\n<td><\/td>\n<\/tr>\n<tr>\n<td>1994\/1995<\/td>\n<td>J\u00f3zef P\u0142oskonka<\/td>\n<\/tr>\n<tr>\n<td>1995\/1996<\/td>\n<td>Alojzy Oborny<\/td>\n<\/tr>\n<tr>\n<td>1996\/1997<\/td>\n<td>Czes\u0142aw Kisza<\/td>\n<\/tr>\n<tr>\n<td>1997\/1998<\/td>\n<td>Andrzej Neimitz<\/td>\n<\/tr>\n<tr>\n<td>1998\/1999<\/td>\n<td>Miros\u0142aw \u0141akomiec<\/td>\n<\/tr>\n<tr>\n<td>1999\/2000<\/td>\n<td>Stanis\u0142aw G\u00f3\u017ad\u017a<\/td>\n<\/tr>\n<tr>\n<td>2000\/2001<\/td>\n<td>Bohdan Gumowski<\/td>\n<\/tr>\n<tr>\n<td>2001\/2002<\/td>\n<td>Andrzej Skrzypek<\/td>\n<\/tr>\n<tr>\n<td>2002\/2003<\/td>\n<td>Stanis\u0142aw Bie\u0144<\/td>\n<\/tr>\n<tr>\n<td>2003\/2004<\/td>\n<td>Adam Zygy\u0142a<\/td>\n<\/tr>\n<tr>\n<td>2004\/2005<\/td>\n<td>Stanis\u0142aw Adamczak<\/td>\n<\/tr>\n<tr>\n<td>2005\/2006<\/td>\n<td>\u00a0Miros\u0142aw Skwarli\u0144ski<\/td>\n<\/tr>\n<tr>\n<td>2006\/2007<\/td>\n<td>Julian Ko\u0142osowski<\/td>\n<\/tr>\n<tr>\n<td>2007\/2008<\/td>\n<td>Ryszard Maj<\/td>\n<\/tr>\n<tr>\n<td>2008\/2009<\/td>\n<td>Jerzy Staszczyk<\/td>\n<\/tr>\n<tr>\n<td>\u00a02009\/2010<\/td>\n<td>\u00a0Marek Jedrzejczak<\/td>\n<\/tr>\n<tr>\n<td>2010\/2011<\/td>\n<td>Janusz Cie\u015blik<\/td>\n<\/tr>\n<tr>\n<td>2011\/2012<\/td>\n<td>Leszek Walczyk<\/td>\n<\/tr>\n<tr>\n<td>2012\/2013<\/td>\n<td>Jaros\u0142aw Kosowski<\/td>\n<\/tr>\n<tr>\n<td>2013\/2014<\/td>\n<td>Wojciech Adamski<\/td>\n<\/tr>\n<tr>\n<td>2014\/2015<\/td>\n<td>Magdalena Sitek<\/td>\n<\/tr>\n<tr>\n<td>2015\/2016<\/td>\n<td>\u00a0Hubert Konstantynowicz<\/td>\n<\/tr>\n<tr>\n<td>2016\/2017<\/td>\n<td>Ryszard Domagalski<\/td>\n<\/tr>\n<tr>\n<td>2017\/2018<\/td>\n<td>Mariusz Jab\u0142o\u0144ski <\/td>\n<\/tr>\n<tr>\n<td>2018\/2019<\/td>\n<td>Marek Str\u0105czy\u0144ski <\/td>\n<\/tr>\n<tr>\n<td>2019\/2020\/td><\/p>\n<td>Marcin Krzemi\u0144ski <\/td>\n<\/tr>\n<tr>\n<td>2020\/2021<\/td>\n<td>Zbigniew Sender <\/td>\n<\/tr>\n<tr>\n<td>2021\/2022<\/td>\n<td> Jerzy Niepok\u00f3j<\/td>\n<\/tr>\n<tr>\n<td>2022\/2023<\/td>\n<td> Karolina Olejarz <\/td>\n<\/tr>\n<tr>\n<td>2023\/2024<\/td>\n<td>Magdalena \u017bmijewska  <\/td>\n<\/tr>\n<tr>\n<td>2024\/2025<\/td>\n<td>Andrzej Neimitz  <\/td>\n<\/tr>\n<\/tbody>\n<\/table>\n<\/blockquote>\n","protected":false},"excerpt":{"rendered":"<p>Kr\u00f3tka historia RC Kielce \u00a0Rotary Klub Kielce powsta\u0142 w po\u0142owie lat 90-tych XX wieku.\u00a0W 1994 roku zawi\u0105za\u0142a si\u0119 grupa inicjatywna ,w sk\u0142ad kt\u00f3rej wesz\u0142y wiod\u0105ce osobowo\u015bci r\u00f3\u017cnych profesji. Mi\u0119dzy innymi: przedsi\u0119biorcy, prawnicy, lekarze, naukowcy\u2026&#46;&#46;&#46;<\/p>\n","protected":false},"author":1,"featured_media":375,"comment_status":"closed","ping_status":"closed","sticky":false,"template":"","format":"standard","meta":[],"categories":[9],"tags":[],"_links":{"self":[{"href":"http:\/\/rotary.kielce.pl\/index.php?rest_route=\/wp\/v2\/posts\/113"}],"collection":[{"href":"http:\/\/rotary.kielce.pl\/index.php?rest_route=\/wp\/v2\/posts"}],"about":[{"href":"http:\/\/rotary.kielce.pl\/index.php?rest_route=\/wp\/v2\/types\/post"}],"author":[{"embeddable":true,"href":"http:\/\/rotary.kielce.pl\/index.php?rest_route=\/wp\/v2\/users\/1"}],"replies":[{"embeddable":true,"href":"http:\/\/rotary.kielce.pl\/index.php?rest_route=%2Fwp%2Fv2%2Fcomments&post=113"}],"version-history":[{"count":20,"href":"http:\/\/rotary.kielce.pl\/index.php?rest_route=\/wp\/v2\/posts\/113\/revisions"}],"predecessor-version":[{"id":2241,"href":"http:\/\/rotary.kielce.pl\/index.php?rest_route=\/wp\/v2\/posts\/113\/revisions\/2241"}],"wp:featuredmedia":[{"embeddable":true,"href":"http:\/\/rotary.kielce.pl\/index.php?rest_route=\/wp\/v2\/media\/375"}],"wp:attachment":[{"href":"http:\/\/rotary.kielce.pl\/index.php?rest_route=%2Fwp%2Fv2%2Fmedia&parent=113"}],"wp:term":[{"taxonomy":"category","embeddable":true,"href":"http:\/\/rotary.kielce.pl\/index.php?rest_route=%2Fwp%2Fv2%2Fcategories&post=113"},{"taxonomy":"post_tag","embeddable":true,"href":"http:\/\/rotary.kielce.pl\/index.php?rest_route=%2Fwp%2Fv2%2Ftags&post=113"}],"curies":[{"name":"wp","href":"https:\/\/api.w.org\/{rel}","templated":true}]}}