{"id":1131,"date":"2018-10-17T12:38:18","date_gmt":"2018-10-17T10:38:18","guid":{"rendered":"http:\/\/rotary.kielce.pl\/?p=1131"},"modified":"2019-08-29T16:03:43","modified_gmt":"2019-08-29T14:03:43","slug":"interdyscyplinarny-konkurs-plastyczny-z-okazji-swiatowego-dnia-osob-niepelnosprawnych","status":"publish","type":"post","link":"http:\/\/rotary.kielce.pl\/?p=1131","title":{"rendered":"Interdyscyplinarny Konkurs Plastyczny z okazji \u015awiatowego Dnia Os\u00f3b Niepe\u0142nosprawnych"},"content":{"rendered":"<h3 style=\"text-align: center;\">Interdyscyplinarnego Konkursu Plastycznego dla os\u00f3b niepe\u0142nosprawnych z terenu miasta Kielce i powiatu kieleckiego z okazji \u015awiatowego Dnia Os\u00f3b Niepe\u0142nosprawnych<\/h3>\n<p>RC Kielce z okazji \u015awiatowego Dnia Os\u00f3b Niepe\u0142nosprawnych zaprasza do udzia\u0142u w Interdyscyplinarnym Konkursie Plastycznym dla Os\u00f3b Niepe\u0142nosprawnych. Akcj\u0119 realizujemy wsp\u00f3lnie z Biurem Wystaw Artystycznych w Kielcach, a najlepsze prace zostan\u0105 wystawione w tej plac\u00f3wce w dniach 2-5 grudnia br.<\/p>\n<p>Szczeg\u00f3\u0142y konkursu w regulaminie:<\/p>\n<p><a href=\"http:\/\/rotary.kielce.pl\/wp-content\/uploads\/2018\/10\/Regulamin-Konkursu-Plastycznego-dla-Niepe\u0142nosprawnyck.-.pdf\">Regulamin Konkursu Plastycznego dla Niepe\u0142nosprawnych.<\/a><\/p>\n<p>Karta zg\u0142oszenia uczestnictwa :<\/p>\n<p><a href=\"http:\/\/rotary.kielce.pl\/wp-content\/uploads\/2018\/10\/Konkurs-karta_zgloszeniowa.rtf\">Konkurs &#8211; karta_zg\u0142oszeniowa &#8211; .rtf<\/a><\/p>\n<p><a href=\"http:\/\/rotary.kielce.pl\/wp-content\/uploads\/2018\/10\/Konkurs-karta_zgloszeniowa.pdf\">Konkurs &#8211; karta_zg\u0142oszeniowa &#8211; pdf<\/a><\/p>\n<p><strong>Prezydent RC Kielce<\/strong><\/p>\n<p><strong>Marcin Krzemi\u0144ski<\/strong><\/p>\n","protected":false},"excerpt":{"rendered":"<p>Interdyscyplinarnego Konkursu Plastycznego dla os\u00f3b niepe\u0142nosprawnych z terenu miasta Kielce i powiatu kieleckiego z okazji \u015awiatowego Dnia Os\u00f3b Niepe\u0142nosprawnych RC Kielce z okazji \u015awiatowego Dnia Os\u00f3b Niepe\u0142nosprawnych zaprasza do udzia\u0142u w Interdyscyplinarnym Konkursie Plastycznym&#46;&#46;&#46;<\/p>\n","protected":false},"author":5,"featured_media":0,"comment_status":"closed","ping_status":"closed","sticky":false,"template":"","format":"standard","meta":[],"categories":[7],"tags":[],"_links":{"self":[{"href":"http:\/\/rotary.kielce.pl\/index.php?rest_route=\/wp\/v2\/posts\/1131"}],"collection":[{"href":"http:\/\/rotary.kielce.pl\/index.php?rest_route=\/wp\/v2\/posts"}],"about":[{"href":"http:\/\/rotary.kielce.pl\/index.php?rest_route=\/wp\/v2\/types\/post"}],"author":[{"embeddable":true,"href":"http:\/\/rotary.kielce.pl\/index.php?rest_route=\/wp\/v2\/users\/5"}],"replies":[{"embeddable":true,"href":"http:\/\/rotary.kielce.pl\/index.php?rest_route=%2Fwp%2Fv2%2Fcomments&post=1131"}],"version-history":[{"count":6,"href":"http:\/\/rotary.kielce.pl\/index.php?rest_route=\/wp\/v2\/posts\/1131\/revisions"}],"predecessor-version":[{"id":1141,"href":"http:\/\/rotary.kielce.pl\/index.php?rest_route=\/wp\/v2\/posts\/1131\/revisions\/1141"}],"wp:attachment":[{"href":"http:\/\/rotary.kielce.pl\/index.php?rest_route=%2Fwp%2Fv2%2Fmedia&parent=1131"}],"wp:term":[{"taxonomy":"category","embeddable":true,"href":"http:\/\/rotary.kielce.pl\/index.php?rest_route=%2Fwp%2Fv2%2Fcategories&post=1131"},{"taxonomy":"post_tag","embeddable":true,"href":"http:\/\/rotary.kielce.pl\/index.php?rest_route=%2Fwp%2Fv2%2Ftags&post=1131"}],"curies":[{"name":"wp","href":"https:\/\/api.w.org\/{rel}","templated":true}]}}