{"id":118,"date":"2024-07-03T12:27:20","date_gmt":"2024-07-03T10:27:20","guid":{"rendered":"http:\/\/wp.tu.kielce.pl\/?p=118"},"modified":"2025-07-28T16:14:14","modified_gmt":"2025-07-28T14:14:14","slug":"zarzad","status":"publish","type":"post","link":"http:\/\/rotary.kielce.pl\/?p=118","title":{"rendered":"Zarz\u0105d"},"content":{"rendered":"<p><strong><strong>ZARZ\u0104D &#8211; Kadencja 2024\/2025<\/strong><\/strong><\/p>\n<table border=\"1\" cellspacing=\"3\" cellpadding=\"3\">\n<tbody>\n<tr>\n<td>&nbsp;<\/td>\n<td>&nbsp;<\/td>\n<\/tr>\n<tr>\n<td><strong>Prezydent:<\/strong><\/td>\n<td><strong><a href=\"http:\/\/rotary.kielce.pl\/wp-content\/uploads\/2019\/07\/marek-Jedrzejczak-2.jpg\"><img decoding=\"async\" loading=\"lazy\" class=\"alignnone size-full wp-image-2205\" src=\"http:\/\/rotary.kielce.pl\/wp-content\/uploads\/2019\/07\/marek-Jedrzejczak-2.jpg\" alt=\"marek Jedrzejczak 2\" width=\"275\" height=\"183\"><\/a><\/strong><\/p>\n<p><strong>Marek J\u0119drzejczak<\/strong><\/td>\n<\/tr>\n<tr>\n<td><strong>Sekretarz:<\/strong><\/td>\n<td><a href=\"http:\/\/rotary.kielce.pl\/wp-content\/uploads\/2016\/05\/Marcin_k.jpg\"><img decoding=\"async\" loading=\"lazy\" class=\"alignnone size-full wp-image-702\" src=\"http:\/\/rotary.kielce.pl\/wp-content\/uploads\/2016\/05\/Marcin_k.jpg\" alt=\"Marcin_k\" width=\"200\" height=\"auto\" srcset=\"http:\/\/rotary.kielce.pl\/wp-content\/uploads\/2016\/05\/Marcin_k.jpg 933w, http:\/\/rotary.kielce.pl\/wp-content\/uploads\/2016\/05\/Marcin_k-200x300.jpg 200w, http:\/\/rotary.kielce.pl\/wp-content\/uploads\/2016\/05\/Marcin_k-684x1024.jpg 684w\" sizes=\"(max-width: 933px) 100vw, 933px\" \/><\/a><br \/>\n<strong> Marcin Krzemi\u0144ski<br \/>\n<\/strong><\/td>\n<\/tr>\n<tr>\n<td><strong>Skarbnik:<\/strong><\/td>\n<td><a href=\"http:\/\/rotary.kielce.pl\/wp-content\/uploads\/2019\/07\/Karol-Kaczmarski.jpg\"><img decoding=\"async\" loading=\"lazy\" class=\"alignnone size-full wp-image-2204\" src=\"http:\/\/rotary.kielce.pl\/wp-content\/uploads\/2019\/07\/Karol-Kaczmarski.jpg\" alt=\"Karol Kaczmarski\" width=\"160\" height=\"160\" srcset=\"http:\/\/rotary.kielce.pl\/wp-content\/uploads\/2019\/07\/Karol-Kaczmarski.jpg 160w, http:\/\/rotary.kielce.pl\/wp-content\/uploads\/2019\/07\/Karol-Kaczmarski-150x150.jpg 150w\" sizes=\"(max-width: 160px) 100vw, 160px\" \/><\/a><br \/>\n<strong>Karol&nbsp; Kaczmarski<br \/>\n<\/strong><\/td>\n<\/tr>\n<tr>\n<td><strong>Cz\u0142onek:<\/strong><\/td>\n<td><a href=\"http:\/\/rotary.kielce.pl\/wp-content\/uploads\/2016\/02\/DSC_6272_101542.jpg\"><img decoding=\"async\" loading=\"lazy\" class=\"alignnone size-medium wp-image-348\" src=\"http:\/\/rotary.kielce.pl\/wp-content\/uploads\/2016\/02\/DSC_6272_101542-300x199.jpg\" alt=\"DSC_6272_101542\" width=\"300\" height=\"199\" srcset=\"http:\/\/rotary.kielce.pl\/wp-content\/uploads\/2016\/02\/DSC_6272_101542-300x199.jpg 300w, http:\/\/rotary.kielce.pl\/wp-content\/uploads\/2016\/02\/DSC_6272_101542.jpg 1024w\" sizes=\"(max-width: 300px) 100vw, 300px\" \/><\/a><\/p>\n<p>Andrzej Neimitz<\/td>\n<\/tr>\n<tr>\n<td><strong>Cz\u0142onek:<\/strong><\/td>\n<td>\n<img decoding=\"async\" loading=\"lazy\" width=\"265\" height=\"326\" src=\"http:\/\/rotary.kielce.pl\/wp-content\/uploads\/2024\/07\/Mirek-Lakomiec.png\" alt=\"\" class=\"wp-image-2385\" srcset=\"http:\/\/rotary.kielce.pl\/wp-content\/uploads\/2024\/07\/Mirek-Lakomiec.png 265w, http:\/\/rotary.kielce.pl\/wp-content\/uploads\/2024\/07\/Mirek-Lakomiec-244x300.png 244w\" sizes=\"(max-width: 265px) 100vw, 265px\" \/><\/p>\n<p>Miros\u0142aw \u0141akomiec<\/td>\n<\/tr>\n<\/tbody>\n<\/table>\n<p><strong><br \/>\nKomisja Rewizyjna &#8211; kadencja 2020-2021<br \/>\n<\/strong><\/p>\n<table border=\"1\" cellspacing=\"3\" cellpadding=\"3\">\n<tbody>\n<tr>\n<td><strong> Przewodnicz\u0105cy <\/strong><\/td>\n<td><a href=\"http:\/\/rotary.kielce.pl\/wp-content\/uploads\/2016\/02\/Leszek-Walczyk.jpg\"><img decoding=\"async\" loading=\"lazy\" class=\"alignnone size-full wp-image-352\" src=\"http:\/\/rotary.kielce.pl\/wp-content\/uploads\/2016\/02\/Leszek-Walczyk.jpg\" alt=\"Leszek Walczyk\" width=\"200\" height=\"auto\" srcset=\"http:\/\/rotary.kielce.pl\/wp-content\/uploads\/2016\/02\/Leszek-Walczyk.jpg 447w, http:\/\/rotary.kielce.pl\/wp-content\/uploads\/2016\/02\/Leszek-Walczyk-254x300.jpg 254w\" sizes=\"(max-width: 447px) 100vw, 447px\" \/><\/a><br \/>\n<strong> Leszek Walczyk<\/strong><\/td>\n<\/tr>\n<tr>\n<td><strong> Cz\u0142onek <\/strong><\/td>\n<td><a href=\"http:\/\/rotary.kielce.pl\/wp-content\/uploads\/2016\/02\/Rotary-012.jpg\"><img decoding=\"async\" loading=\"lazy\" class=\"alignnone size-full wp-image-354\" src=\"http:\/\/rotary.kielce.pl\/wp-content\/uploads\/2016\/02\/Rotary-012.jpg\" alt=\"Rotary 012\" width=\"200\" height=\"auto\" srcset=\"http:\/\/rotary.kielce.pl\/wp-content\/uploads\/2016\/02\/Rotary-012.jpg 1024w, http:\/\/rotary.kielce.pl\/wp-content\/uploads\/2016\/02\/Rotary-012-300x200.jpg 300w\" sizes=\"(max-width: 1024px) 100vw, 1024px\" \/><\/a><br \/>\n<strong> Wojciech Adamski<\/strong><\/td>\n<\/tr>\n<tr>\n<td><strong> Cz\u0142onek <\/strong><\/td>\n<td><a href=\"http:\/\/rotary.kielce.pl\/wp-content\/uploads\/2016\/02\/Rotary-028.jpg\"><img decoding=\"async\" loading=\"lazy\" class=\"alignnone size-full wp-image-359\" src=\"http:\/\/rotary.kielce.pl\/wp-content\/uploads\/2016\/02\/Rotary-028.jpg\" alt=\"Rotary 028\" width=\"200\" height=\"auto\" srcset=\"http:\/\/rotary.kielce.pl\/wp-content\/uploads\/2016\/02\/Rotary-028.jpg 1024w, http:\/\/rotary.kielce.pl\/wp-content\/uploads\/2016\/02\/Rotary-028-300x200.jpg 300w\" sizes=\"(max-width: 1024px) 100vw, 1024px\" \/><\/a><br \/>\n<strong> Jerzy Staszczyk<\/strong><\/td>\n<\/tr>\n<tr>\n<td>&nbsp;<\/td>\n<td>&nbsp;<\/td>\n<\/tr>\n<tr>\n<td>&nbsp;<\/td>\n<td>&nbsp;<\/td>\n<\/tr>\n<\/tbody>\n<\/table>\n","protected":false},"excerpt":{"rendered":"<p>ZARZ\u0104D &#8211; Kadencja 2024\/2025 &nbsp; &nbsp; Prezydent: Marek J\u0119drzejczak Sekretarz: Marcin Krzemi\u0144ski Skarbnik: Karol&nbsp; Kaczmarski Cz\u0142onek: Andrzej Neimitz Cz\u0142onek: Miros\u0142aw \u0141akomiec Komisja Rewizyjna &#8211; kadencja 2020-2021 Przewodnicz\u0105cy Leszek Walczyk Cz\u0142onek Wojciech Adamski Cz\u0142onek Jerzy&#46;&#46;&#46;<\/p>\n","protected":false},"author":1,"featured_media":2366,"comment_status":"closed","ping_status":"closed","sticky":false,"template":"","format":"audio","meta":[],"categories":[9],"tags":[],"_links":{"self":[{"href":"http:\/\/rotary.kielce.pl\/index.php?rest_route=\/wp\/v2\/posts\/118"}],"collection":[{"href":"http:\/\/rotary.kielce.pl\/index.php?rest_route=\/wp\/v2\/posts"}],"about":[{"href":"http:\/\/rotary.kielce.pl\/index.php?rest_route=\/wp\/v2\/types\/post"}],"author":[{"embeddable":true,"href":"http:\/\/rotary.kielce.pl\/index.php?rest_route=\/wp\/v2\/users\/1"}],"replies":[{"embeddable":true,"href":"http:\/\/rotary.kielce.pl\/index.php?rest_route=%2Fwp%2Fv2%2Fcomments&post=118"}],"version-history":[{"count":52,"href":"http:\/\/rotary.kielce.pl\/index.php?rest_route=\/wp\/v2\/posts\/118\/revisions"}],"predecessor-version":[{"id":2415,"href":"http:\/\/rotary.kielce.pl\/index.php?rest_route=\/wp\/v2\/posts\/118\/revisions\/2415"}],"wp:featuredmedia":[{"embeddable":true,"href":"http:\/\/rotary.kielce.pl\/index.php?rest_route=\/wp\/v2\/media\/2366"}],"wp:attachment":[{"href":"http:\/\/rotary.kielce.pl\/index.php?rest_route=%2Fwp%2Fv2%2Fmedia&parent=118"}],"wp:term":[{"taxonomy":"category","embeddable":true,"href":"http:\/\/rotary.kielce.pl\/index.php?rest_route=%2Fwp%2Fv2%2Fcategories&post=118"},{"taxonomy":"post_tag","embeddable":true,"href":"http:\/\/rotary.kielce.pl\/index.php?rest_route=%2Fwp%2Fv2%2Ftags&post=118"}],"curies":[{"name":"wp","href":"https:\/\/api.w.org\/{rel}","templated":true}]}}