{"id":1184,"date":"2019-01-09T19:11:08","date_gmt":"2019-01-09T18:11:08","guid":{"rendered":"http:\/\/rotary.kielce.pl\/?p=1184"},"modified":"2019-01-09T19:11:08","modified_gmt":"2019-01-09T18:11:08","slug":"zlota-odznaka-paula-harrisa-dla-profesora-adamczaka","status":"publish","type":"post","link":"http:\/\/rotary.kielce.pl\/?p=1184","title":{"rendered":"Z\u0142ota Odznaka Paula Harrisa dla profesora Adamczaka."},"content":{"rendered":"<p>Na wniosek klubu Rotary Kielce prof. dr. hab. in\u017c. Stanis\u0142aw Adamczak otrzyma\u0142 z\u0142ot\u0105 Odznak\u0119 P. Harrisa przyznawan\u0105 przez Rotary International i Rotary Foundation za dzia\u0142ania dobroczynne. Wyr\u00f3\u017cnienie zosta\u0142o wr\u0119czone na spotkaniu naszego Klubu w Hotelu Kongresowym w Kielcach. Serdecznie gratulujemy !!!<\/p>\n<p>Kol. S. Adamczak jest jedn\u0105 z os\u00f3b najd\u0142u\u017cej dzia\u0142aj\u0105cych w RC Kielce. By\u0142 prezydentem klubu. Aktywnie uczestniczy w akcjach charytatywnych. W ostatnim okresie przekaza\u0142 pieni\u0105dze na pomoc dla m\u0119\u017cczyzny dotkni\u0119tego autyzmem. Z tych \u015brodk\u00f3w uda\u0142o si\u0119 zakupi\u0107 niezb\u0119dne przedmioty do poprawy warunk\u00f3w \u017cycia chorego ( \u0142\u00f3\u017cko, materac, kuchenk\u0119, wyk\u0142adzin\u0119).<\/p>\n<p><strong>Marcin Krzemi\u0144ski <\/strong><\/p>\n<p><strong>Prezydent RC Kielce<\/strong><\/p>\n<p>&nbsp;<\/p>\n<p><a href=\"http:\/\/rotary.kielce.pl\/wp-content\/uploads\/2019\/01\/DSC_0811.jpg\"><img decoding=\"async\" loading=\"lazy\" class=\"alignnone size-full wp-image-1185\" alt=\"DSC_0811\" src=\"http:\/\/rotary.kielce.pl\/wp-content\/uploads\/2019\/01\/DSC_0811.jpg\" width=\"600\" height=\"900\" srcset=\"http:\/\/rotary.kielce.pl\/wp-content\/uploads\/2019\/01\/DSC_0811.jpg 600w, http:\/\/rotary.kielce.pl\/wp-content\/uploads\/2019\/01\/DSC_0811-200x300.jpg 200w\" sizes=\"(max-width: 600px) 100vw, 600px\" \/><\/a> <a href=\"http:\/\/rotary.kielce.pl\/wp-content\/uploads\/2019\/01\/DSC_0813.jpg\"><img decoding=\"async\" loading=\"lazy\" class=\"alignnone size-full wp-image-1186\" alt=\"DSC_0813\" src=\"http:\/\/rotary.kielce.pl\/wp-content\/uploads\/2019\/01\/DSC_0813.jpg\" width=\"1000\" height=\"666\" srcset=\"http:\/\/rotary.kielce.pl\/wp-content\/uploads\/2019\/01\/DSC_0813.jpg 1000w, http:\/\/rotary.kielce.pl\/wp-content\/uploads\/2019\/01\/DSC_0813-300x199.jpg 300w\" sizes=\"(max-width: 1000px) 100vw, 1000px\" \/><\/a> <a href=\"http:\/\/rotary.kielce.pl\/wp-content\/uploads\/2019\/01\/DSC_0816.jpg\"><img decoding=\"async\" loading=\"lazy\" class=\"alignnone size-full wp-image-1187\" alt=\"DSC_0816\" src=\"http:\/\/rotary.kielce.pl\/wp-content\/uploads\/2019\/01\/DSC_0816.jpg\" width=\"600\" height=\"900\" srcset=\"http:\/\/rotary.kielce.pl\/wp-content\/uploads\/2019\/01\/DSC_0816.jpg 600w, http:\/\/rotary.kielce.pl\/wp-content\/uploads\/2019\/01\/DSC_0816-200x300.jpg 200w\" sizes=\"(max-width: 600px) 100vw, 600px\" \/><\/a><\/p>\n","protected":false},"excerpt":{"rendered":"<p>Na wniosek klubu Rotary Kielce prof. dr. hab. in\u017c. Stanis\u0142aw Adamczak otrzyma\u0142 z\u0142ot\u0105 Odznak\u0119 P. Harrisa przyznawan\u0105 przez Rotary International i Rotary Foundation za dzia\u0142ania dobroczynne. Wyr\u00f3\u017cnienie zosta\u0142o wr\u0119czone na spotkaniu naszego Klubu w&#46;&#46;&#46;<\/p>\n","protected":false},"author":5,"featured_media":1186,"comment_status":"closed","ping_status":"closed","sticky":false,"template":"","format":"standard","meta":[],"categories":[7],"tags":[],"_links":{"self":[{"href":"http:\/\/rotary.kielce.pl\/index.php?rest_route=\/wp\/v2\/posts\/1184"}],"collection":[{"href":"http:\/\/rotary.kielce.pl\/index.php?rest_route=\/wp\/v2\/posts"}],"about":[{"href":"http:\/\/rotary.kielce.pl\/index.php?rest_route=\/wp\/v2\/types\/post"}],"author":[{"embeddable":true,"href":"http:\/\/rotary.kielce.pl\/index.php?rest_route=\/wp\/v2\/users\/5"}],"replies":[{"embeddable":true,"href":"http:\/\/rotary.kielce.pl\/index.php?rest_route=%2Fwp%2Fv2%2Fcomments&post=1184"}],"version-history":[{"count":1,"href":"http:\/\/rotary.kielce.pl\/index.php?rest_route=\/wp\/v2\/posts\/1184\/revisions"}],"predecessor-version":[{"id":1188,"href":"http:\/\/rotary.kielce.pl\/index.php?rest_route=\/wp\/v2\/posts\/1184\/revisions\/1188"}],"wp:featuredmedia":[{"embeddable":true,"href":"http:\/\/rotary.kielce.pl\/index.php?rest_route=\/wp\/v2\/media\/1186"}],"wp:attachment":[{"href":"http:\/\/rotary.kielce.pl\/index.php?rest_route=%2Fwp%2Fv2%2Fmedia&parent=1184"}],"wp:term":[{"taxonomy":"category","embeddable":true,"href":"http:\/\/rotary.kielce.pl\/index.php?rest_route=%2Fwp%2Fv2%2Fcategories&post=1184"},{"taxonomy":"post_tag","embeddable":true,"href":"http:\/\/rotary.kielce.pl\/index.php?rest_route=%2Fwp%2Fv2%2Ftags&post=1184"}],"curies":[{"name":"wp","href":"https:\/\/api.w.org\/{rel}","templated":true}]}}