{"id":1201,"date":"2019-02-04T14:09:06","date_gmt":"2019-02-04T13:09:06","guid":{"rendered":"http:\/\/rotary.kielce.pl\/?p=1201"},"modified":"2019-02-04T14:09:06","modified_gmt":"2019-02-04T13:09:06","slug":"bilardowy-wieczor-rotarian","status":"publish","type":"post","link":"http:\/\/rotary.kielce.pl\/?p=1201","title":{"rendered":"Bilardowy Wiecz\u00f3r Rotarian"},"content":{"rendered":"<h2>Bilardowy Wiecz\u00f3r Rotarian.<\/h2>\n<p><strong>Po raz drugi kieleccy Rotarianie i ich przyjaciele spotkali si\u0119 w Centrum Bilardowym w Kielcach. Jak przysta\u0142o na karnawa\u0142 by\u0142o weso\u0142o i ta\u0144cz\u0105co. Imprez\u0119 muzycznie obs\u0142ugiwa\u0142 Miros\u0142aw Pir\u00f3g i nogi same wyrywa\u0142y si\u0119 na parkiet. Talenty wokalne objawi\u0142y si\u0119 podczas zabawy karaoke, a precyzyjne zagrania bilardowe zadziwia\u0142y obserwator\u00f3w. Rozegrano kilka konkurs\u00f3w. Atmosfera by\u0142a tak dobra, \u017ce zabawa przeci\u0105gn\u0119\u0142a si\u0119 o 3 godziny. Doch\u00f3d z imprezy przeznaczony zostanie na budow\u0119 \u201e \u0142aweczki\u201d Bronka Opa\u0142ki.<\/strong><\/p>\n<h2>Marcin Krzemi\u0144ski<\/h2>\n<p><a href=\"http:\/\/rotary.kielce.pl\/wp-content\/uploads\/2019\/02\/DSC_1564.jpg\"><img decoding=\"async\" loading=\"lazy\" class=\"alignnone size-full wp-image-1202\" alt=\"DSC_1564\" src=\"http:\/\/rotary.kielce.pl\/wp-content\/uploads\/2019\/02\/DSC_1564.jpg\" width=\"1000\" height=\"666\" srcset=\"http:\/\/rotary.kielce.pl\/wp-content\/uploads\/2019\/02\/DSC_1564.jpg 1000w, http:\/\/rotary.kielce.pl\/wp-content\/uploads\/2019\/02\/DSC_1564-300x199.jpg 300w\" sizes=\"(max-width: 1000px) 100vw, 1000px\" \/><\/a> <a href=\"http:\/\/rotary.kielce.pl\/wp-content\/uploads\/2019\/02\/DSC_1565.jpg\"><img decoding=\"async\" loading=\"lazy\" class=\"alignnone size-full wp-image-1203\" alt=\"DSC_1565\" src=\"http:\/\/rotary.kielce.pl\/wp-content\/uploads\/2019\/02\/DSC_1565.jpg\" width=\"1000\" height=\"666\" srcset=\"http:\/\/rotary.kielce.pl\/wp-content\/uploads\/2019\/02\/DSC_1565.jpg 1000w, http:\/\/rotary.kielce.pl\/wp-content\/uploads\/2019\/02\/DSC_1565-300x199.jpg 300w\" sizes=\"(max-width: 1000px) 100vw, 1000px\" \/><\/a> <a href=\"http:\/\/rotary.kielce.pl\/wp-content\/uploads\/2019\/02\/DSC_1568.jpg\"><img decoding=\"async\" loading=\"lazy\" class=\"alignnone size-full wp-image-1204\" alt=\"DSC_1568\" src=\"http:\/\/rotary.kielce.pl\/wp-content\/uploads\/2019\/02\/DSC_1568.jpg\" width=\"1000\" height=\"666\" srcset=\"http:\/\/rotary.kielce.pl\/wp-content\/uploads\/2019\/02\/DSC_1568.jpg 1000w, http:\/\/rotary.kielce.pl\/wp-content\/uploads\/2019\/02\/DSC_1568-300x199.jpg 300w\" sizes=\"(max-width: 1000px) 100vw, 1000px\" \/><\/a> <a href=\"http:\/\/rotary.kielce.pl\/wp-content\/uploads\/2019\/02\/DSC_1569.jpg\"><img decoding=\"async\" loading=\"lazy\" class=\"alignnone size-full wp-image-1205\" alt=\"DSC_1569\" src=\"http:\/\/rotary.kielce.pl\/wp-content\/uploads\/2019\/02\/DSC_1569.jpg\" width=\"1000\" height=\"666\" srcset=\"http:\/\/rotary.kielce.pl\/wp-content\/uploads\/2019\/02\/DSC_1569.jpg 1000w, http:\/\/rotary.kielce.pl\/wp-content\/uploads\/2019\/02\/DSC_1569-300x199.jpg 300w\" sizes=\"(max-width: 1000px) 100vw, 1000px\" \/><\/a> <a href=\"http:\/\/rotary.kielce.pl\/wp-content\/uploads\/2019\/02\/DSC_1570.jpg\"><img decoding=\"async\" loading=\"lazy\" class=\"alignnone size-full wp-image-1206\" alt=\"DSC_1570\" src=\"http:\/\/rotary.kielce.pl\/wp-content\/uploads\/2019\/02\/DSC_1570.jpg\" width=\"1000\" height=\"666\" srcset=\"http:\/\/rotary.kielce.pl\/wp-content\/uploads\/2019\/02\/DSC_1570.jpg 1000w, http:\/\/rotary.kielce.pl\/wp-content\/uploads\/2019\/02\/DSC_1570-300x199.jpg 300w\" sizes=\"(max-width: 1000px) 100vw, 1000px\" \/><\/a> <a href=\"http:\/\/rotary.kielce.pl\/wp-content\/uploads\/2019\/02\/DSC_1573.jpg\"><img decoding=\"async\" loading=\"lazy\" class=\"alignnone size-full wp-image-1207\" alt=\"DSC_1573\" src=\"http:\/\/rotary.kielce.pl\/wp-content\/uploads\/2019\/02\/DSC_1573.jpg\" width=\"1000\" height=\"666\" srcset=\"http:\/\/rotary.kielce.pl\/wp-content\/uploads\/2019\/02\/DSC_1573.jpg 1000w, http:\/\/rotary.kielce.pl\/wp-content\/uploads\/2019\/02\/DSC_1573-300x199.jpg 300w\" sizes=\"(max-width: 1000px) 100vw, 1000px\" \/><\/a> <a href=\"http:\/\/rotary.kielce.pl\/wp-content\/uploads\/2019\/02\/DSC_1575.jpg\"><img decoding=\"async\" loading=\"lazy\" class=\"alignnone size-full wp-image-1208\" alt=\"DSC_1575\" src=\"http:\/\/rotary.kielce.pl\/wp-content\/uploads\/2019\/02\/DSC_1575.jpg\" width=\"1000\" height=\"666\" srcset=\"http:\/\/rotary.kielce.pl\/wp-content\/uploads\/2019\/02\/DSC_1575.jpg 1000w, http:\/\/rotary.kielce.pl\/wp-content\/uploads\/2019\/02\/DSC_1575-300x199.jpg 300w\" sizes=\"(max-width: 1000px) 100vw, 1000px\" \/><\/a> <a href=\"http:\/\/rotary.kielce.pl\/wp-content\/uploads\/2019\/02\/DSC_1582.jpg\"><img decoding=\"async\" loading=\"lazy\" class=\"alignnone size-full wp-image-1209\" alt=\"DSC_1582\" src=\"http:\/\/rotary.kielce.pl\/wp-content\/uploads\/2019\/02\/DSC_1582.jpg\" width=\"1000\" height=\"666\" srcset=\"http:\/\/rotary.kielce.pl\/wp-content\/uploads\/2019\/02\/DSC_1582.jpg 1000w, http:\/\/rotary.kielce.pl\/wp-content\/uploads\/2019\/02\/DSC_1582-300x199.jpg 300w\" sizes=\"(max-width: 1000px) 100vw, 1000px\" \/><\/a> <a href=\"http:\/\/rotary.kielce.pl\/wp-content\/uploads\/2019\/02\/DSC_1596.jpg\"><img decoding=\"async\" loading=\"lazy\" class=\"alignnone size-full wp-image-1210\" alt=\"DSC_1596\" src=\"http:\/\/rotary.kielce.pl\/wp-content\/uploads\/2019\/02\/DSC_1596.jpg\" width=\"1000\" height=\"666\" srcset=\"http:\/\/rotary.kielce.pl\/wp-content\/uploads\/2019\/02\/DSC_1596.jpg 1000w, http:\/\/rotary.kielce.pl\/wp-content\/uploads\/2019\/02\/DSC_1596-300x199.jpg 300w\" sizes=\"(max-width: 1000px) 100vw, 1000px\" \/><\/a><\/p>\n<p>&nbsp;<\/p>\n<p>&nbsp;<\/p>\n","protected":false},"excerpt":{"rendered":"<p>Bilardowy Wiecz\u00f3r Rotarian. Po raz drugi kieleccy Rotarianie i ich przyjaciele spotkali si\u0119 w Centrum Bilardowym w Kielcach. Jak przysta\u0142o na karnawa\u0142 by\u0142o weso\u0142o i ta\u0144cz\u0105co. Imprez\u0119 muzycznie obs\u0142ugiwa\u0142 Miros\u0142aw Pir\u00f3g i nogi same&#46;&#46;&#46;<\/p>\n","protected":false},"author":5,"featured_media":1205,"comment_status":"closed","ping_status":"closed","sticky":false,"template":"","format":"standard","meta":[],"categories":[7],"tags":[],"_links":{"self":[{"href":"http:\/\/rotary.kielce.pl\/index.php?rest_route=\/wp\/v2\/posts\/1201"}],"collection":[{"href":"http:\/\/rotary.kielce.pl\/index.php?rest_route=\/wp\/v2\/posts"}],"about":[{"href":"http:\/\/rotary.kielce.pl\/index.php?rest_route=\/wp\/v2\/types\/post"}],"author":[{"embeddable":true,"href":"http:\/\/rotary.kielce.pl\/index.php?rest_route=\/wp\/v2\/users\/5"}],"replies":[{"embeddable":true,"href":"http:\/\/rotary.kielce.pl\/index.php?rest_route=%2Fwp%2Fv2%2Fcomments&post=1201"}],"version-history":[{"count":1,"href":"http:\/\/rotary.kielce.pl\/index.php?rest_route=\/wp\/v2\/posts\/1201\/revisions"}],"predecessor-version":[{"id":1211,"href":"http:\/\/rotary.kielce.pl\/index.php?rest_route=\/wp\/v2\/posts\/1201\/revisions\/1211"}],"wp:featuredmedia":[{"embeddable":true,"href":"http:\/\/rotary.kielce.pl\/index.php?rest_route=\/wp\/v2\/media\/1205"}],"wp:attachment":[{"href":"http:\/\/rotary.kielce.pl\/index.php?rest_route=%2Fwp%2Fv2%2Fmedia&parent=1201"}],"wp:term":[{"taxonomy":"category","embeddable":true,"href":"http:\/\/rotary.kielce.pl\/index.php?rest_route=%2Fwp%2Fv2%2Fcategories&post=1201"},{"taxonomy":"post_tag","embeddable":true,"href":"http:\/\/rotary.kielce.pl\/index.php?rest_route=%2Fwp%2Fv2%2Ftags&post=1201"}],"curies":[{"name":"wp","href":"https:\/\/api.w.org\/{rel}","templated":true}]}}