{"id":1213,"date":"2019-02-25T16:04:01","date_gmt":"2019-02-25T15:04:01","guid":{"rendered":"http:\/\/rotary.kielce.pl\/?p=1213"},"modified":"2019-02-25T16:04:01","modified_gmt":"2019-02-25T15:04:01","slug":"spotkanie-komitetow-wspolpracy-miedzynarodowej-rotary","status":"publish","type":"post","link":"http:\/\/rotary.kielce.pl\/?p=1213","title":{"rendered":"Spotkanie Komitet\u00f3w Wsp\u00f3\u0142pracy Mi\u0119dzynarodowej Rotary"},"content":{"rendered":"<p>Spotkanie komitet\u00f3w.<\/p>\n<p>W Kielcach odby\u0142o si\u0119 spotkanie Komitet\u00f3w Wsp\u00f3\u0142pracy Mi\u0119dzynarodowej Rotary. W\u015br\u00f3d obecnych m.in. byli: gubernator polskiego Dystryktu \u0141ukasz Grochowski, byli i przysz\u0142y gubernator, przewodnicz\u0105cy komitet\u00f3w: Polska-Francja, Polska-Ukraina; Polska-Szwajcaria, Polska-Rosja, Polska-Turcja, Polska-Szwecja oraz Polska-Izrael.. Wieczorem uczestnicy seminarium \u00a0spotkali si\u0119 towarzysko w Kieleckim Centrum Bilardowym. Podzi\u0119kowania za przygotowanie spotkania nale\u017c\u0105 si\u0119 naszej kole\u017cance Magdalenie Sitek.<\/p>\n<p>Marcin Krzeminski<\/p>\n<p><a href=\"http:\/\/rotary.kielce.pl\/wp-content\/uploads\/2019\/02\/DSC_2067.jpg\"><img decoding=\"async\" loading=\"lazy\" class=\"alignnone size-full wp-image-1214\" alt=\"DSC_2067\" src=\"http:\/\/rotary.kielce.pl\/wp-content\/uploads\/2019\/02\/DSC_2067.jpg\" width=\"1000\" height=\"666\" srcset=\"http:\/\/rotary.kielce.pl\/wp-content\/uploads\/2019\/02\/DSC_2067.jpg 1000w, http:\/\/rotary.kielce.pl\/wp-content\/uploads\/2019\/02\/DSC_2067-300x199.jpg 300w\" sizes=\"(max-width: 1000px) 100vw, 1000px\" \/><\/a> <a href=\"http:\/\/rotary.kielce.pl\/wp-content\/uploads\/2019\/02\/DSC_2069.jpg\"><img decoding=\"async\" loading=\"lazy\" class=\"alignnone size-full wp-image-1215\" alt=\"DSC_2069\" src=\"http:\/\/rotary.kielce.pl\/wp-content\/uploads\/2019\/02\/DSC_2069.jpg\" width=\"1000\" height=\"666\" srcset=\"http:\/\/rotary.kielce.pl\/wp-content\/uploads\/2019\/02\/DSC_2069.jpg 1000w, http:\/\/rotary.kielce.pl\/wp-content\/uploads\/2019\/02\/DSC_2069-300x199.jpg 300w\" sizes=\"(max-width: 1000px) 100vw, 1000px\" \/><\/a><\/p>\n","protected":false},"excerpt":{"rendered":"<p>Spotkanie komitet\u00f3w. W Kielcach odby\u0142o si\u0119 spotkanie Komitet\u00f3w Wsp\u00f3\u0142pracy Mi\u0119dzynarodowej Rotary. W\u015br\u00f3d obecnych m.in. byli: gubernator polskiego Dystryktu \u0141ukasz Grochowski, byli i przysz\u0142y gubernator, przewodnicz\u0105cy komitet\u00f3w: Polska-Francja, Polska-Ukraina; Polska-Szwajcaria, Polska-Rosja, Polska-Turcja, Polska-Szwecja oraz Polska-Izrael..&#46;&#46;&#46;<\/p>\n","protected":false},"author":5,"featured_media":1215,"comment_status":"closed","ping_status":"closed","sticky":false,"template":"","format":"standard","meta":[],"categories":[7],"tags":[],"_links":{"self":[{"href":"http:\/\/rotary.kielce.pl\/index.php?rest_route=\/wp\/v2\/posts\/1213"}],"collection":[{"href":"http:\/\/rotary.kielce.pl\/index.php?rest_route=\/wp\/v2\/posts"}],"about":[{"href":"http:\/\/rotary.kielce.pl\/index.php?rest_route=\/wp\/v2\/types\/post"}],"author":[{"embeddable":true,"href":"http:\/\/rotary.kielce.pl\/index.php?rest_route=\/wp\/v2\/users\/5"}],"replies":[{"embeddable":true,"href":"http:\/\/rotary.kielce.pl\/index.php?rest_route=%2Fwp%2Fv2%2Fcomments&post=1213"}],"version-history":[{"count":1,"href":"http:\/\/rotary.kielce.pl\/index.php?rest_route=\/wp\/v2\/posts\/1213\/revisions"}],"predecessor-version":[{"id":1216,"href":"http:\/\/rotary.kielce.pl\/index.php?rest_route=\/wp\/v2\/posts\/1213\/revisions\/1216"}],"wp:featuredmedia":[{"embeddable":true,"href":"http:\/\/rotary.kielce.pl\/index.php?rest_route=\/wp\/v2\/media\/1215"}],"wp:attachment":[{"href":"http:\/\/rotary.kielce.pl\/index.php?rest_route=%2Fwp%2Fv2%2Fmedia&parent=1213"}],"wp:term":[{"taxonomy":"category","embeddable":true,"href":"http:\/\/rotary.kielce.pl\/index.php?rest_route=%2Fwp%2Fv2%2Fcategories&post=1213"},{"taxonomy":"post_tag","embeddable":true,"href":"http:\/\/rotary.kielce.pl\/index.php?rest_route=%2Fwp%2Fv2%2Ftags&post=1213"}],"curies":[{"name":"wp","href":"https:\/\/api.w.org\/{rel}","templated":true}]}}