{"id":1239,"date":"2019-05-16T12:27:07","date_gmt":"2019-05-16T10:27:07","guid":{"rendered":"http:\/\/rotary.kielce.pl\/?p=1239"},"modified":"2019-05-16T12:29:18","modified_gmt":"2019-05-16T10:29:18","slug":"walne-zgromadzenie-rc-kielce","status":"publish","type":"post","link":"http:\/\/rotary.kielce.pl\/?p=1239","title":{"rendered":"Walne Zgromadzenie RC Kielce"},"content":{"rendered":"<div>\n<p>Walne Zgromadzenie RC Kielce<br \/>\nW Hotelu Kongresowym odby\u0142o si\u0119 Walne Zgromadzenie Klubu Rotary w Kielcach. Podsumowano rok 2018 oraz wybrano w\u0142adze, kt\u00f3re od 1 lipca pokieruj\u0105 Klubem. Doda\u0107 nale\u017cy, \u017ce kadencja w Rotary trwa 1 rok i prezydent nie mo\u017ce ponownie kandydowa\u0107. W minionym roku Klub mi\u0119dzy innymi: udzieli\u0142 wsparcia osobom z autyzmem, zorganizowa\u0142 wystaw\u0119 prac plastycznych os\u00f3b niepe\u0142nosprawnych,\u00a0ufundowa\u0142 dla 360 dzieci bezp\u0142atne seanse filmowe, pom\u00f3g\u0142 poszkodowanym przez huragan w Meksyku, wspiera\u0142 walk\u0119 z polio. W ramach obchod\u00f3w 100-lecia niepodleg\u0142o\u015bci zorganizowa\u0142 koncert fortepianowy w\u0142oskiego pianisty. Stale prowadzi wymian\u0119 mi\u0119dzynarodow\u0105 m\u0142odzie\u017cy. \u0141\u0105cznie w akcjach zainicjowanych przez Klub wzi\u0119\u0142o udzia\u0142 ok. 600 os\u00f3b. Trzej nasi koledzy: Andrzej Neimitz, Jaros\u0142aw Kosowski i Andrzej Skrzypek otrzymali z\u0142ote odznaki P. Harrisa przyznawane przez Rotary International.<\/p>\n<h3><strong>Marcin Krzemi\u0144ski<\/strong><\/h3>\n<p><a href=\"http:\/\/rotary.kielce.pl\/wp-content\/uploads\/2019\/05\/DSC_0179.jpg\"><img decoding=\"async\" loading=\"lazy\" class=\"alignnone size-full wp-image-1240\" alt=\"DSC_0179\" src=\"http:\/\/rotary.kielce.pl\/wp-content\/uploads\/2019\/05\/DSC_0179.jpg\" width=\"1000\" height=\"1500\" srcset=\"http:\/\/rotary.kielce.pl\/wp-content\/uploads\/2019\/05\/DSC_0179.jpg 1000w, http:\/\/rotary.kielce.pl\/wp-content\/uploads\/2019\/05\/DSC_0179-200x300.jpg 200w, http:\/\/rotary.kielce.pl\/wp-content\/uploads\/2019\/05\/DSC_0179-682x1024.jpg 682w\" sizes=\"(max-width: 1000px) 100vw, 1000px\" \/><\/a> <a href=\"http:\/\/rotary.kielce.pl\/wp-content\/uploads\/2019\/05\/DSC_0182.jpg\"><img decoding=\"async\" loading=\"lazy\" class=\"alignnone size-full wp-image-1241\" alt=\"DSC_0182\" src=\"http:\/\/rotary.kielce.pl\/wp-content\/uploads\/2019\/05\/DSC_0182.jpg\" width=\"1000\" height=\"666\" srcset=\"http:\/\/rotary.kielce.pl\/wp-content\/uploads\/2019\/05\/DSC_0182.jpg 1000w, http:\/\/rotary.kielce.pl\/wp-content\/uploads\/2019\/05\/DSC_0182-300x199.jpg 300w\" sizes=\"(max-width: 1000px) 100vw, 1000px\" \/><\/a> <a href=\"http:\/\/rotary.kielce.pl\/wp-content\/uploads\/2019\/05\/DSC_0183.jpg\"><img decoding=\"async\" loading=\"lazy\" class=\"alignnone size-full wp-image-1242\" alt=\"DSC_0183\" src=\"http:\/\/rotary.kielce.pl\/wp-content\/uploads\/2019\/05\/DSC_0183.jpg\" width=\"1000\" height=\"666\" srcset=\"http:\/\/rotary.kielce.pl\/wp-content\/uploads\/2019\/05\/DSC_0183.jpg 1000w, http:\/\/rotary.kielce.pl\/wp-content\/uploads\/2019\/05\/DSC_0183-300x199.jpg 300w\" sizes=\"(max-width: 1000px) 100vw, 1000px\" \/><\/a> <a href=\"http:\/\/rotary.kielce.pl\/wp-content\/uploads\/2019\/05\/DSC_0186.jpg\"><img decoding=\"async\" loading=\"lazy\" class=\"alignnone size-full wp-image-1243\" alt=\"DSC_0186\" src=\"http:\/\/rotary.kielce.pl\/wp-content\/uploads\/2019\/05\/DSC_0186.jpg\" width=\"1000\" height=\"666\" srcset=\"http:\/\/rotary.kielce.pl\/wp-content\/uploads\/2019\/05\/DSC_0186.jpg 1000w, http:\/\/rotary.kielce.pl\/wp-content\/uploads\/2019\/05\/DSC_0186-300x199.jpg 300w\" sizes=\"(max-width: 1000px) 100vw, 1000px\" \/><\/a> <a href=\"http:\/\/rotary.kielce.pl\/wp-content\/uploads\/2019\/05\/DSC_0192.jpg\"><img decoding=\"async\" loading=\"lazy\" class=\"alignnone size-full wp-image-1244\" alt=\"DSC_0192\" src=\"http:\/\/rotary.kielce.pl\/wp-content\/uploads\/2019\/05\/DSC_0192.jpg\" width=\"1000\" height=\"1500\" srcset=\"http:\/\/rotary.kielce.pl\/wp-content\/uploads\/2019\/05\/DSC_0192.jpg 1000w, http:\/\/rotary.kielce.pl\/wp-content\/uploads\/2019\/05\/DSC_0192-200x300.jpg 200w, http:\/\/rotary.kielce.pl\/wp-content\/uploads\/2019\/05\/DSC_0192-682x1024.jpg 682w\" sizes=\"(max-width: 1000px) 100vw, 1000px\" \/><\/a> <a href=\"http:\/\/rotary.kielce.pl\/wp-content\/uploads\/2019\/05\/DSC_0197.jpg\"><img decoding=\"async\" loading=\"lazy\" class=\"alignnone size-full wp-image-1245\" alt=\"DSC_0197\" src=\"http:\/\/rotary.kielce.pl\/wp-content\/uploads\/2019\/05\/DSC_0197.jpg\" width=\"1000\" height=\"666\" srcset=\"http:\/\/rotary.kielce.pl\/wp-content\/uploads\/2019\/05\/DSC_0197.jpg 1000w, http:\/\/rotary.kielce.pl\/wp-content\/uploads\/2019\/05\/DSC_0197-300x199.jpg 300w\" sizes=\"(max-width: 1000px) 100vw, 1000px\" \/><\/a> <a href=\"http:\/\/rotary.kielce.pl\/wp-content\/uploads\/2019\/05\/DSC_0206.jpg\"><img decoding=\"async\" loading=\"lazy\" class=\"alignnone size-full wp-image-1246\" alt=\"DSC_0206\" src=\"http:\/\/rotary.kielce.pl\/wp-content\/uploads\/2019\/05\/DSC_0206.jpg\" width=\"1000\" height=\"666\" srcset=\"http:\/\/rotary.kielce.pl\/wp-content\/uploads\/2019\/05\/DSC_0206.jpg 1000w, http:\/\/rotary.kielce.pl\/wp-content\/uploads\/2019\/05\/DSC_0206-300x199.jpg 300w\" sizes=\"(max-width: 1000px) 100vw, 1000px\" \/><\/a> <a href=\"http:\/\/rotary.kielce.pl\/wp-content\/uploads\/2019\/05\/DSC_0211.jpg\"><img decoding=\"async\" loading=\"lazy\" class=\"alignnone size-full wp-image-1247\" alt=\"DSC_0211\" src=\"http:\/\/rotary.kielce.pl\/wp-content\/uploads\/2019\/05\/DSC_0211.jpg\" width=\"1000\" height=\"666\" srcset=\"http:\/\/rotary.kielce.pl\/wp-content\/uploads\/2019\/05\/DSC_0211.jpg 1000w, http:\/\/rotary.kielce.pl\/wp-content\/uploads\/2019\/05\/DSC_0211-300x199.jpg 300w\" sizes=\"(max-width: 1000px) 100vw, 1000px\" \/><\/a><\/p>\n<\/div>\n","protected":false},"excerpt":{"rendered":"<p>Walne Zgromadzenie RC Kielce W Hotelu Kongresowym odby\u0142o si\u0119 Walne Zgromadzenie Klubu Rotary w Kielcach. Podsumowano rok 2018 oraz wybrano w\u0142adze, kt\u00f3re od 1 lipca pokieruj\u0105 Klubem. Doda\u0107 nale\u017cy, \u017ce kadencja w Rotary trwa&#46;&#46;&#46;<\/p>\n","protected":false},"author":5,"featured_media":1246,"comment_status":"closed","ping_status":"closed","sticky":false,"template":"","format":"standard","meta":[],"categories":[7],"tags":[],"_links":{"self":[{"href":"http:\/\/rotary.kielce.pl\/index.php?rest_route=\/wp\/v2\/posts\/1239"}],"collection":[{"href":"http:\/\/rotary.kielce.pl\/index.php?rest_route=\/wp\/v2\/posts"}],"about":[{"href":"http:\/\/rotary.kielce.pl\/index.php?rest_route=\/wp\/v2\/types\/post"}],"author":[{"embeddable":true,"href":"http:\/\/rotary.kielce.pl\/index.php?rest_route=\/wp\/v2\/users\/5"}],"replies":[{"embeddable":true,"href":"http:\/\/rotary.kielce.pl\/index.php?rest_route=%2Fwp%2Fv2%2Fcomments&post=1239"}],"version-history":[{"count":3,"href":"http:\/\/rotary.kielce.pl\/index.php?rest_route=\/wp\/v2\/posts\/1239\/revisions"}],"predecessor-version":[{"id":1250,"href":"http:\/\/rotary.kielce.pl\/index.php?rest_route=\/wp\/v2\/posts\/1239\/revisions\/1250"}],"wp:featuredmedia":[{"embeddable":true,"href":"http:\/\/rotary.kielce.pl\/index.php?rest_route=\/wp\/v2\/media\/1246"}],"wp:attachment":[{"href":"http:\/\/rotary.kielce.pl\/index.php?rest_route=%2Fwp%2Fv2%2Fmedia&parent=1239"}],"wp:term":[{"taxonomy":"category","embeddable":true,"href":"http:\/\/rotary.kielce.pl\/index.php?rest_route=%2Fwp%2Fv2%2Fcategories&post=1239"},{"taxonomy":"post_tag","embeddable":true,"href":"http:\/\/rotary.kielce.pl\/index.php?rest_route=%2Fwp%2Fv2%2Ftags&post=1239"}],"curies":[{"name":"wp","href":"https:\/\/api.w.org\/{rel}","templated":true}]}}