{"id":1359,"date":"2019-09-21T19:34:10","date_gmt":"2019-09-21T17:34:10","guid":{"rendered":"http:\/\/rotary.kielce.pl\/?p=1359"},"modified":"2019-09-21T19:38:36","modified_gmt":"2019-09-21T17:38:36","slug":"zaproszenie-charytatywny-na-rotarianski-wieczor-jazzu-i-wina","status":"publish","type":"post","link":"http:\/\/rotary.kielce.pl\/?p=1359","title":{"rendered":"Zaproszenie na Charytatywny  Rotaria\u0144ski Wiecz\u00f3r Jazzu i Wina"},"content":{"rendered":"<p>Ju\u017c wkr\u00f3tce, gdy\u017c w pa\u017adzierniku wielkie wydarzenie!! \u00a0Wsp\u00f3lnie z Narodowym Muzeum w Kielcach organizujemy \u2013 Charytatywny Rotaria\u0144ski Wiecz\u00f3r Jazzu i Wina, kt\u00f3ry odb\u0119dzie si\u0119 w dniu 19 pa\u017adziernika 2019 r. w Pa\u0142acu Biskup\u00f3w w Kielcach.<\/p>\n<p>Ca\u0142y doch\u00f3d z niniejszego przedsi\u0119wzi\u0119cia zostanie przekazany na zakup wyposa\u017cenia \u201e Sali Do\u015bwiadczania \u015awiata\u201d dla Polskiego Stowarzyszenia na rzecz Os\u00f3b z Niepe\u0142nosprawno\u015bci\u0105 Intelektualn\u0105 Ko\u0142o w Kielcach, kt\u00f3re prowadzi heroiczn\u0105 pomoc dla ok. 800 podopiecznych w wieku 3 m-ce do 16 lat.<\/p>\n<p>Koszt takiego wyposa\u017cenia to oko\u0142o 25-30 tysi\u0119cy z\u0142otych. Wiecz\u00f3r rozpocznie recital fortepianowy \u015bwiatowej gwiazdy kompozytora i pianisty muzyki jazzowej W\u0142odka Pawlika, laureata nagrody Grammy w 2014 roku. Z uwagi na swe kieleckie korzenie Maestro wyst\u0105pi u nas charytatywnie.<a href=\"http:\/\/rotary.kielce.pl\/wp-content\/uploads\/2019\/09\/RotaryRCKielce_v1.0.jpg\"><img decoding=\"async\" loading=\"lazy\" class=\"alignnone size-full wp-image-1360\" alt=\"RotaryRCKielce_v1.0\" src=\"http:\/\/rotary.kielce.pl\/wp-content\/uploads\/2019\/09\/RotaryRCKielce_v1.0.jpg\" width=\"1606\" height=\"781\" srcset=\"http:\/\/rotary.kielce.pl\/wp-content\/uploads\/2019\/09\/RotaryRCKielce_v1.0.jpg 1606w, http:\/\/rotary.kielce.pl\/wp-content\/uploads\/2019\/09\/RotaryRCKielce_v1.0-300x145.jpg 300w, http:\/\/rotary.kielce.pl\/wp-content\/uploads\/2019\/09\/RotaryRCKielce_v1.0-1024x497.jpg 1024w\" sizes=\"(max-width: 1606px) 100vw, 1606px\" \/><\/a><\/p>\n<p>Zapraszamy serdecznie na niniejszy recital!!!!<\/p>\n<p>Prezydent Klubu RC Kielce<\/p>\n<p>Marek Str\u0105czy\u0144ski<\/p>\n","protected":false},"excerpt":{"rendered":"<p>Ju\u017c wkr\u00f3tce, gdy\u017c w pa\u017adzierniku wielkie wydarzenie!! \u00a0Wsp\u00f3lnie z Narodowym Muzeum w Kielcach organizujemy \u2013 Charytatywny Rotaria\u0144ski Wiecz\u00f3r Jazzu i Wina, kt\u00f3ry odb\u0119dzie si\u0119 w dniu 19 pa\u017adziernika 2019 r. w Pa\u0142acu Biskup\u00f3w w&#46;&#46;&#46;<\/p>\n","protected":false},"author":5,"featured_media":1360,"comment_status":"closed","ping_status":"closed","sticky":false,"template":"","format":"standard","meta":[],"categories":[7],"tags":[],"_links":{"self":[{"href":"http:\/\/rotary.kielce.pl\/index.php?rest_route=\/wp\/v2\/posts\/1359"}],"collection":[{"href":"http:\/\/rotary.kielce.pl\/index.php?rest_route=\/wp\/v2\/posts"}],"about":[{"href":"http:\/\/rotary.kielce.pl\/index.php?rest_route=\/wp\/v2\/types\/post"}],"author":[{"embeddable":true,"href":"http:\/\/rotary.kielce.pl\/index.php?rest_route=\/wp\/v2\/users\/5"}],"replies":[{"embeddable":true,"href":"http:\/\/rotary.kielce.pl\/index.php?rest_route=%2Fwp%2Fv2%2Fcomments&post=1359"}],"version-history":[{"count":3,"href":"http:\/\/rotary.kielce.pl\/index.php?rest_route=\/wp\/v2\/posts\/1359\/revisions"}],"predecessor-version":[{"id":1363,"href":"http:\/\/rotary.kielce.pl\/index.php?rest_route=\/wp\/v2\/posts\/1359\/revisions\/1363"}],"wp:featuredmedia":[{"embeddable":true,"href":"http:\/\/rotary.kielce.pl\/index.php?rest_route=\/wp\/v2\/media\/1360"}],"wp:attachment":[{"href":"http:\/\/rotary.kielce.pl\/index.php?rest_route=%2Fwp%2Fv2%2Fmedia&parent=1359"}],"wp:term":[{"taxonomy":"category","embeddable":true,"href":"http:\/\/rotary.kielce.pl\/index.php?rest_route=%2Fwp%2Fv2%2Fcategories&post=1359"},{"taxonomy":"post_tag","embeddable":true,"href":"http:\/\/rotary.kielce.pl\/index.php?rest_route=%2Fwp%2Fv2%2Ftags&post=1359"}],"curies":[{"name":"wp","href":"https:\/\/api.w.org\/{rel}","templated":true}]}}