{"id":1499,"date":"2020-10-05T11:35:00","date_gmt":"2020-10-05T09:35:00","guid":{"rendered":"http:\/\/rotary.kielce.pl\/?p=1499"},"modified":"2020-10-05T12:17:28","modified_gmt":"2020-10-05T10:17:28","slug":"zaproszenie-do-udzialu-w-iii-interdyscyplinarnym-konkursie-plastycznego-dla-osob-niepelnosprawnych","status":"publish","type":"post","link":"http:\/\/rotary.kielce.pl\/?p=1499","title":{"rendered":"Zaproszenie do udzia\u0142u w III  Interdyscyplinarnym Konkursie Plastycznego dla os\u00f3b niepe\u0142nosprawnych."},"content":{"rendered":"<h3>III Interdyscyplinarny Konkurs Plastyczny dla os\u00f3b niepe\u0142nosprawnych z terenu miasta Kielce i powiatu kieleckiego z okazji \u015awiatowego Dnia Os\u00f3b Niepe\u0142nosprawnych<\/h3>\n<p><strong>RC Kielce z okazji \u015awiatowego Dnia Os\u00f3b Niepe\u0142nosprawnych zaprasza do udzia\u0142u<\/strong><br \/>\n<strong> w II Interdyscyplinarnym Konkursie Plastycznym dla os\u00f3b niepe\u0142nosprawnych. Akcj\u0119 realizujemy wsp\u00f3lnie z Biurem Wystaw Artystycznych w Kielcach, a najlepsze prace zostan\u0105 wystawione w tej plac\u00f3wce w dniach 29.11.2020 &#8211; 01.12.2020.<\/strong><br \/>\n<strong> Szczeg\u00f3\u0142y konkursu w regulaminie:<\/strong><\/p>\n<p><span style=\"color: #0000ff;\"><a href=\"http:\/\/rotary.kielce.pl\/wp-content\/uploads\/2020\/10\/Regulamin-Konkursu-Plastycznego-dla-Niepe\u0142nosprawnyck._2020.pdf\"><span style=\"color: #0000ff;\">Regulamin Konkursu Plastycznego dla Niepe\u0142nosprawnyck._2020<\/span><\/a><\/span><\/p>\n<p>Karta zg\u0142oszenia uczestnictwa :<\/p>\n<p><span style=\"color: #0000ff;\"><a href=\"http:\/\/rotary.kielce.pl\/wp-content\/uploads\/2020\/10\/Konkurs-karta_zgloszeniowa.rtf\"><span style=\"color: #0000ff;\">Konkurs &#8211; karta_zg\u0142oszeniowa &#8211; .rtf<\/span><\/a><\/span><\/p>\n<p><span style=\"color: #0000ff;\"><a href=\"http:\/\/rotary.kielce.pl\/wp-content\/uploads\/2020\/10\/Konkurs-karta_zgloszeniowa.pdf\"><span style=\"color: #0000ff;\">Konkurs &#8211; karta_zg\u0142oszeniowa- pdf<\/span><\/a><\/span><\/p>\n<p><b>Prezydent RC Kielce<\/b><\/p>\n<address><b>Zbigniew Sender<\/b><\/address>\n","protected":false},"excerpt":{"rendered":"<p>III Interdyscyplinarny Konkurs Plastyczny dla os\u00f3b niepe\u0142nosprawnych z terenu miasta Kielce i powiatu kieleckiego z okazji \u015awiatowego Dnia Os\u00f3b Niepe\u0142nosprawnych RC Kielce z okazji \u015awiatowego Dnia Os\u00f3b Niepe\u0142nosprawnych zaprasza do udzia\u0142u w II Interdyscyplinarnym&#46;&#46;&#46;<\/p>\n","protected":false},"author":5,"featured_media":1352,"comment_status":"closed","ping_status":"closed","sticky":false,"template":"","format":"standard","meta":[],"categories":[7],"tags":[],"_links":{"self":[{"href":"http:\/\/rotary.kielce.pl\/index.php?rest_route=\/wp\/v2\/posts\/1499"}],"collection":[{"href":"http:\/\/rotary.kielce.pl\/index.php?rest_route=\/wp\/v2\/posts"}],"about":[{"href":"http:\/\/rotary.kielce.pl\/index.php?rest_route=\/wp\/v2\/types\/post"}],"author":[{"embeddable":true,"href":"http:\/\/rotary.kielce.pl\/index.php?rest_route=\/wp\/v2\/users\/5"}],"replies":[{"embeddable":true,"href":"http:\/\/rotary.kielce.pl\/index.php?rest_route=%2Fwp%2Fv2%2Fcomments&post=1499"}],"version-history":[{"count":10,"href":"http:\/\/rotary.kielce.pl\/index.php?rest_route=\/wp\/v2\/posts\/1499\/revisions"}],"predecessor-version":[{"id":1512,"href":"http:\/\/rotary.kielce.pl\/index.php?rest_route=\/wp\/v2\/posts\/1499\/revisions\/1512"}],"wp:featuredmedia":[{"embeddable":true,"href":"http:\/\/rotary.kielce.pl\/index.php?rest_route=\/wp\/v2\/media\/1352"}],"wp:attachment":[{"href":"http:\/\/rotary.kielce.pl\/index.php?rest_route=%2Fwp%2Fv2%2Fmedia&parent=1499"}],"wp:term":[{"taxonomy":"category","embeddable":true,"href":"http:\/\/rotary.kielce.pl\/index.php?rest_route=%2Fwp%2Fv2%2Fcategories&post=1499"},{"taxonomy":"post_tag","embeddable":true,"href":"http:\/\/rotary.kielce.pl\/index.php?rest_route=%2Fwp%2Fv2%2Ftags&post=1499"}],"curies":[{"name":"wp","href":"https:\/\/api.w.org\/{rel}","templated":true}]}}