{"id":1533,"date":"2020-12-01T19:34:41","date_gmt":"2020-12-01T18:34:41","guid":{"rendered":"http:\/\/rotary.kielce.pl\/?p=1533"},"modified":"2020-12-01T20:30:41","modified_gmt":"2020-12-01T19:30:41","slug":"rc-kielce-zaprasza-na-transmisje-online-z-wernisazu-wystawy-prac-osob-niepelnosprawnych","status":"publish","type":"post","link":"http:\/\/rotary.kielce.pl\/?p=1533","title":{"rendered":"RC Kielce zaprasza na transmisj\u0119 online z wernisa\u017cu wystawy prac  os\u00f3b niepe\u0142nosprawnych"},"content":{"rendered":"<h3>RC Kielce zaprasza na transmisj\u0119 online z wernisa\u017cu wystawy prac z\u00a0 III Interdyscyplinarnego Konkursu Plastycznego dla os\u00f3b niepe\u0142nosprawnych z terenu miasta Kielce i powiatu kieleckiego z okazji \u015awiatowego Dnia Os\u00f3b Niepe\u0142nosprawnych<\/h3>\n<h3>pod adresem : <span style=\"color: #0000ff;\"><a href=\"https:\/\/www.youtube.com\/watch?v=0ypdlE8Fg3g&amp;feature=youtu.be\"><span style=\"color: #0000ff;\">https:\/\/www.youtube.com\/watch?v=0ypdlE8Fg3g&amp;feature=youtu.be<\/span><\/a><\/span><\/h3>\n<p><a href=\"http:\/\/rotary.kielce.pl\/wp-content\/uploads\/2020\/12\/zaproszenie1.gif\"><img decoding=\"async\" loading=\"lazy\" class=\"alignnone size-full wp-image-1549\" alt=\"zaproszenie\" src=\"http:\/\/rotary.kielce.pl\/wp-content\/uploads\/2020\/12\/zaproszenie1.gif\" width=\"951\" height=\"463\" \/><\/a><\/p>\n","protected":false},"excerpt":{"rendered":"<p>RC Kielce zaprasza na transmisj\u0119 online z wernisa\u017cu wystawy prac z\u00a0 III Interdyscyplinarnego Konkursu Plastycznego dla os\u00f3b niepe\u0142nosprawnych z terenu miasta Kielce i powiatu kieleckiego z okazji \u015awiatowego Dnia Os\u00f3b Niepe\u0142nosprawnych pod adresem :&#46;&#46;&#46;<\/p>\n","protected":false},"author":5,"featured_media":1549,"comment_status":"closed","ping_status":"closed","sticky":false,"template":"","format":"standard","meta":[],"categories":[7],"tags":[],"_links":{"self":[{"href":"http:\/\/rotary.kielce.pl\/index.php?rest_route=\/wp\/v2\/posts\/1533"}],"collection":[{"href":"http:\/\/rotary.kielce.pl\/index.php?rest_route=\/wp\/v2\/posts"}],"about":[{"href":"http:\/\/rotary.kielce.pl\/index.php?rest_route=\/wp\/v2\/types\/post"}],"author":[{"embeddable":true,"href":"http:\/\/rotary.kielce.pl\/index.php?rest_route=\/wp\/v2\/users\/5"}],"replies":[{"embeddable":true,"href":"http:\/\/rotary.kielce.pl\/index.php?rest_route=%2Fwp%2Fv2%2Fcomments&post=1533"}],"version-history":[{"count":5,"href":"http:\/\/rotary.kielce.pl\/index.php?rest_route=\/wp\/v2\/posts\/1533\/revisions"}],"predecessor-version":[{"id":1550,"href":"http:\/\/rotary.kielce.pl\/index.php?rest_route=\/wp\/v2\/posts\/1533\/revisions\/1550"}],"wp:featuredmedia":[{"embeddable":true,"href":"http:\/\/rotary.kielce.pl\/index.php?rest_route=\/wp\/v2\/media\/1549"}],"wp:attachment":[{"href":"http:\/\/rotary.kielce.pl\/index.php?rest_route=%2Fwp%2Fv2%2Fmedia&parent=1533"}],"wp:term":[{"taxonomy":"category","embeddable":true,"href":"http:\/\/rotary.kielce.pl\/index.php?rest_route=%2Fwp%2Fv2%2Fcategories&post=1533"},{"taxonomy":"post_tag","embeddable":true,"href":"http:\/\/rotary.kielce.pl\/index.php?rest_route=%2Fwp%2Fv2%2Ftags&post=1533"}],"curies":[{"name":"wp","href":"https:\/\/api.w.org\/{rel}","templated":true}]}}