{"id":1586,"date":"2020-12-14T13:29:31","date_gmt":"2020-12-14T12:29:31","guid":{"rendered":"http:\/\/rotary.kielce.pl\/?p=1586"},"modified":"2020-12-14T13:37:17","modified_gmt":"2020-12-14T12:37:17","slug":"rc-kielce-w-akcja-laptopy-dla-dzieci","status":"publish","type":"post","link":"http:\/\/rotary.kielce.pl\/?p=1586","title":{"rendered":"RC Kielce &#8211; akcja  laptopy  dla dzieci"},"content":{"rendered":"<p>Wiele rado\u015bci da\u0142o nam wsparcie wielodzietnej rodziny mieszkaj\u0105cej w Bilczy \/ gmina Morawica.<\/p>\n<p>Piotr i Anna maj\u0105 pi\u0105tk\u0119 dzieci , z tego tr\u00f3jka jest w wieku szkolnym. Oboje pracuj\u0105, ale koszt utrzymania rodziny nie jest ma\u0142y. Aby zapewni\u0107 dzieciom dost\u0119p do nauczania on-line dali sw\u00f3j\u00a0 laptop i laptop po\u017cyczony ze szko\u0142y.<\/p>\n<p>Dzi\u0119ki szybkiej zbi\u00f3rce pieni\u0119dzy przeprowadzonej przez Klub Rotary i Rotaract Kielce uda\u0142o si\u0119 zakupi\u0107 dwa komputery. \u0141\u0105cznie ca\u0142a akcja trwa\u0142a oko\u0142o tygodnia i nasi przedstawiciele RotarAct i RC Kielce odwiedzili rodzin\u0119 w Bilczy wr\u0119czaj\u0105c im cenny prezent. &#8221; To co szczeg\u00f3lnie nas uj\u0119\u0142o to skromno\u015b\u0107 obdarowanych i rado\u015b\u0107 dzieci. Jeste\u015bmy przekonane, \u017ce laptopy zostan\u0105 w\u0142a\u015bciwie spo\u017cytkowane&#8221; podkre\u015blaj\u0105 Karolina i Julia Olejarz , kt\u00f3re przekaza\u0142y sprz\u0119t.<\/p>\n<p>Wi\u0119cej na<strong>: <a href=\"https:\/\/www.facebook.com\/pages\/category\/Charity-Organization\/Rotaract-Kielce-110312817254032\/\">https:\/\/www.facebook.com\/pages\/category\/Charity-Organization\/Rotaract-Kielce-110312817254032\/<\/a><\/strong><\/p>\n<p>Prezydent RC Kielce<\/p>\n<p>Zbigniew Sender<\/p>\n<p><a href=\"http:\/\/rotary.kielce.pl\/wp-content\/uploads\/2020\/12\/IMG-20201213-WA0005.jpg\"><img decoding=\"async\" loading=\"lazy\" class=\"alignnone size-full wp-image-1587\" alt=\"IMG-20201213-WA0005\" src=\"http:\/\/rotary.kielce.pl\/wp-content\/uploads\/2020\/12\/IMG-20201213-WA0005.jpg\" width=\"1600\" height=\"1200\" srcset=\"http:\/\/rotary.kielce.pl\/wp-content\/uploads\/2020\/12\/IMG-20201213-WA0005.jpg 1600w, http:\/\/rotary.kielce.pl\/wp-content\/uploads\/2020\/12\/IMG-20201213-WA0005-300x225.jpg 300w, http:\/\/rotary.kielce.pl\/wp-content\/uploads\/2020\/12\/IMG-20201213-WA0005-1024x768.jpg 1024w\" sizes=\"(max-width: 1600px) 100vw, 1600px\" \/><\/a> <a href=\"http:\/\/rotary.kielce.pl\/wp-content\/uploads\/2020\/12\/IMG-20201213-WA0006.jpg\"><img decoding=\"async\" loading=\"lazy\" class=\"alignnone size-full wp-image-1588\" alt=\"IMG-20201213-WA0006\" src=\"http:\/\/rotary.kielce.pl\/wp-content\/uploads\/2020\/12\/IMG-20201213-WA0006.jpg\" width=\"1600\" height=\"1200\" srcset=\"http:\/\/rotary.kielce.pl\/wp-content\/uploads\/2020\/12\/IMG-20201213-WA0006.jpg 1600w, http:\/\/rotary.kielce.pl\/wp-content\/uploads\/2020\/12\/IMG-20201213-WA0006-300x225.jpg 300w, http:\/\/rotary.kielce.pl\/wp-content\/uploads\/2020\/12\/IMG-20201213-WA0006-1024x768.jpg 1024w\" sizes=\"(max-width: 1600px) 100vw, 1600px\" \/><\/a><\/p>\n","protected":false},"excerpt":{"rendered":"<p>Wiele rado\u015bci da\u0142o nam wsparcie wielodzietnej rodziny mieszkaj\u0105cej w Bilczy \/ gmina Morawica. Piotr i Anna maj\u0105 pi\u0105tk\u0119 dzieci , z tego tr\u00f3jka jest w wieku szkolnym. Oboje pracuj\u0105, ale koszt utrzymania rodziny nie&#46;&#46;&#46;<\/p>\n","protected":false},"author":5,"featured_media":1588,"comment_status":"closed","ping_status":"closed","sticky":false,"template":"","format":"standard","meta":[],"categories":[7],"tags":[],"_links":{"self":[{"href":"http:\/\/rotary.kielce.pl\/index.php?rest_route=\/wp\/v2\/posts\/1586"}],"collection":[{"href":"http:\/\/rotary.kielce.pl\/index.php?rest_route=\/wp\/v2\/posts"}],"about":[{"href":"http:\/\/rotary.kielce.pl\/index.php?rest_route=\/wp\/v2\/types\/post"}],"author":[{"embeddable":true,"href":"http:\/\/rotary.kielce.pl\/index.php?rest_route=\/wp\/v2\/users\/5"}],"replies":[{"embeddable":true,"href":"http:\/\/rotary.kielce.pl\/index.php?rest_route=%2Fwp%2Fv2%2Fcomments&post=1586"}],"version-history":[{"count":4,"href":"http:\/\/rotary.kielce.pl\/index.php?rest_route=\/wp\/v2\/posts\/1586\/revisions"}],"predecessor-version":[{"id":1592,"href":"http:\/\/rotary.kielce.pl\/index.php?rest_route=\/wp\/v2\/posts\/1586\/revisions\/1592"}],"wp:featuredmedia":[{"embeddable":true,"href":"http:\/\/rotary.kielce.pl\/index.php?rest_route=\/wp\/v2\/media\/1588"}],"wp:attachment":[{"href":"http:\/\/rotary.kielce.pl\/index.php?rest_route=%2Fwp%2Fv2%2Fmedia&parent=1586"}],"wp:term":[{"taxonomy":"category","embeddable":true,"href":"http:\/\/rotary.kielce.pl\/index.php?rest_route=%2Fwp%2Fv2%2Fcategories&post=1586"},{"taxonomy":"post_tag","embeddable":true,"href":"http:\/\/rotary.kielce.pl\/index.php?rest_route=%2Fwp%2Fv2%2Ftags&post=1586"}],"curies":[{"name":"wp","href":"https:\/\/api.w.org\/{rel}","templated":true}]}}