{"id":1686,"date":"2021-12-04T12:02:13","date_gmt":"2021-12-04T11:02:13","guid":{"rendered":"http:\/\/rotary.kielce.pl\/?p=1686"},"modified":"2021-12-04T12:32:55","modified_gmt":"2021-12-04T11:32:55","slug":"zaproszenie-na-wernisaz-wytawy-prac-iv-interdyscyplinarnego-konkursu-plastycznego","status":"publish","type":"post","link":"http:\/\/rotary.kielce.pl\/?p=1686","title":{"rendered":"Zaproszenie na wernisa\u017c wytawy prac IV Interdyscyplinarnego Konkursu Plastycznego"},"content":{"rendered":"<p><a href=\"http:\/\/rotary.kielce.pl\/wp-content\/uploads\/2021\/12\/Zaproszenie-2021.jpg\"><img decoding=\"async\" loading=\"lazy\" class=\"alignnone size-full wp-image-1687\" alt=\"Zaproszenie 2021\" src=\"http:\/\/rotary.kielce.pl\/wp-content\/uploads\/2021\/12\/Zaproszenie-2021.jpg\" width=\"947\" height=\"507\" srcset=\"http:\/\/rotary.kielce.pl\/wp-content\/uploads\/2021\/12\/Zaproszenie-2021.jpg 947w, http:\/\/rotary.kielce.pl\/wp-content\/uploads\/2021\/12\/Zaproszenie-2021-300x160.jpg 300w\" sizes=\"(max-width: 947px) 100vw, 947px\" \/><\/a><\/p>\n<p><strong>Rotary Klub Kielce oraz Biuro Wystaw Artystycznych w Kielcach zapraszaj\u0105 na wernisa\u017c i wystaw\u0119 prac z IV Interdyscyplinarnego Konkursu Plastycznego dla os\u00f3b niepe\u0142nosprawnych z terenu miasta Kielce i\u00a0 powiatu kieleckiego. Wystaw\u0119 mo\u017cna ogl\u0105da\u0107 w dniach 6-7.12.2021 w BWA Ul. Kapitulna 2<\/strong><\/p>\n<h4>Prezydent RC Kielce<br \/>\nJerzy Niepok\u00f3j<\/h4>\n","protected":false},"excerpt":{"rendered":"<p>Rotary Klub Kielce oraz Biuro Wystaw Artystycznych w Kielcach zapraszaj\u0105 na wernisa\u017c i wystaw\u0119 prac z IV Interdyscyplinarnego Konkursu Plastycznego dla os\u00f3b niepe\u0142nosprawnych z terenu miasta Kielce i\u00a0 powiatu kieleckiego. Wystaw\u0119 mo\u017cna ogl\u0105da\u0107 w&#46;&#46;&#46;<\/p>\n","protected":false},"author":5,"featured_media":1687,"comment_status":"closed","ping_status":"closed","sticky":false,"template":"","format":"standard","meta":[],"categories":[7],"tags":[],"_links":{"self":[{"href":"http:\/\/rotary.kielce.pl\/index.php?rest_route=\/wp\/v2\/posts\/1686"}],"collection":[{"href":"http:\/\/rotary.kielce.pl\/index.php?rest_route=\/wp\/v2\/posts"}],"about":[{"href":"http:\/\/rotary.kielce.pl\/index.php?rest_route=\/wp\/v2\/types\/post"}],"author":[{"embeddable":true,"href":"http:\/\/rotary.kielce.pl\/index.php?rest_route=\/wp\/v2\/users\/5"}],"replies":[{"embeddable":true,"href":"http:\/\/rotary.kielce.pl\/index.php?rest_route=%2Fwp%2Fv2%2Fcomments&post=1686"}],"version-history":[{"count":5,"href":"http:\/\/rotary.kielce.pl\/index.php?rest_route=\/wp\/v2\/posts\/1686\/revisions"}],"predecessor-version":[{"id":1692,"href":"http:\/\/rotary.kielce.pl\/index.php?rest_route=\/wp\/v2\/posts\/1686\/revisions\/1692"}],"wp:featuredmedia":[{"embeddable":true,"href":"http:\/\/rotary.kielce.pl\/index.php?rest_route=\/wp\/v2\/media\/1687"}],"wp:attachment":[{"href":"http:\/\/rotary.kielce.pl\/index.php?rest_route=%2Fwp%2Fv2%2Fmedia&parent=1686"}],"wp:term":[{"taxonomy":"category","embeddable":true,"href":"http:\/\/rotary.kielce.pl\/index.php?rest_route=%2Fwp%2Fv2%2Fcategories&post=1686"},{"taxonomy":"post_tag","embeddable":true,"href":"http:\/\/rotary.kielce.pl\/index.php?rest_route=%2Fwp%2Fv2%2Ftags&post=1686"}],"curies":[{"name":"wp","href":"https:\/\/api.w.org\/{rel}","templated":true}]}}