{"id":1819,"date":"2022-08-28T13:04:34","date_gmt":"2022-08-28T11:04:34","guid":{"rendered":"http:\/\/rotary.kielce.pl\/?p=1819"},"modified":"2022-08-28T13:31:17","modified_gmt":"2022-08-28T11:31:17","slug":"rc-kielce-wspiera-ukraine","status":"publish","type":"post","link":"http:\/\/rotary.kielce.pl\/?p=1819","title":{"rendered":"RC Kielce wspiera Ukrain\u0119"},"content":{"rendered":"<h3>Pomoc dla\u00a0 Oddzia\u0142u Otolaryngologii Dzieci\u0119cej w Lwowskiego Regionalnego Dzieci\u0119cego Szpitala Klinicznego<\/h3>\n<h4>W ramach pomocy walcz\u0105cej Ukrainie cz\u0142onkowie RC Kielce zdecydowali o celowym wsparciu dla Oddzia\u0142u Otolaryngologii Dzieci\u0119cej w Lwowskim Regionalnym Dzieci\u0119cym Szpitalu Klinicznym. O tak\u0105 pomoc zwr\u00f3ci\u0142 si\u0119 ordynator oddzia\u0142u Dr Fedir Yuroczko maj\u0105cy od lat kontakty z polskimi otolaryngologami i posiadaj\u0105cy w Polsce szereg przyjaci\u00f3\u0142 w tym przyjaci\u00f3\u0142 w\u015br\u00f3d cz\u0142onk\u00f3w RC Kielce.<\/h4>\n<h4>Wspomniany szpital i oddzia\u0142 dla dzieci nie znajduje si\u0119 wprawdzie w bezpo\u015brednim obszarze dzia\u0142a\u0144 wojennych, ale w wyniku olbrzymiej wewn\u0119trznej emigracji mieszka\u0144c\u00f3w po\u0142udniowej i wschodniej Ukrainy do regionu lwowskiego zmaga si\u0119 z licznymi brakami w szpitalnym zaopatrzeniu.<\/h4>\n<h4>\u00a0Wybieraj\u0105c z licznych, zg\u0142oszonych przez dr-a Yuroczko potrzeb zaopatrzenia medycznego, cz\u0142onkowie klubu przeznaczyli 5000 PLN z w\u0142asnych sk\u0142adek klubowych na zakup specjalnych mikro\u017celowych opatrunk\u00f3w do tamowania krwawie\u0144 z nosa. Zakup zrealizowano poprzez hurtowni\u0119 EUMed, kt\u00f3ra z uwagi na cel naszego zakupu dodatkowo obni\u017cy\u0142a cen\u0119 zakupu, poni\u017cej ceny katalogowej, co umo\u017cliwi\u0142o w sumie na zakup 400 szt. takich specjalnych atraumatycznych opatrunk\u00f3w. Paczka przekazana zosta\u0142a przez kuriera \u2013 wolontariusza Pana Marcina Orli\u0144skiego w dniu\u00a0\u00a005.08.2022\u00a0\u00a0 wraz\u00a0 z innymi darami jakie przewozi\u0142 On w tym dniu na Ukrain\u0119.<\/h4>\n<h3>Stanis\u0142aw Bie\u0144<\/h3>\n<p><a href=\"http:\/\/rotary.kielce.pl\/wp-content\/uploads\/2022\/08\/SB_1.jpg\"><img decoding=\"async\" loading=\"lazy\" class=\"alignnone size-full wp-image-1820\" alt=\"SB_1\" src=\"http:\/\/rotary.kielce.pl\/wp-content\/uploads\/2022\/08\/SB_1.jpg\" width=\"960\" height=\"auto\" srcset=\"http:\/\/rotary.kielce.pl\/wp-content\/uploads\/2022\/08\/SB_1.jpg 960w, http:\/\/rotary.kielce.pl\/wp-content\/uploads\/2022\/08\/SB_1-300x225.jpg 300w\" sizes=\"(max-width: 960px) 100vw, 960px\" \/><\/a><\/p>\n<h4>Dostawa do szpitala we Lwowie<\/h4>\n<h4>Podzi\u0119kowania<\/h4>\n<p><a href=\"http:\/\/rotary.kielce.pl\/wp-content\/uploads\/2022\/08\/SB_Lwow_pomoc1.jpg\"><img decoding=\"async\" loading=\"lazy\" class=\"alignnone size-full wp-image-1822\" alt=\"SB_Lwow_pomoc\" src=\"http:\/\/rotary.kielce.pl\/wp-content\/uploads\/2022\/08\/SB_Lwow_pomoc1.jpg\" width=\"654\" height=\"775\" srcset=\"http:\/\/rotary.kielce.pl\/wp-content\/uploads\/2022\/08\/SB_Lwow_pomoc1.jpg 654w, http:\/\/rotary.kielce.pl\/wp-content\/uploads\/2022\/08\/SB_Lwow_pomoc1-253x300.jpg 253w\" sizes=\"(max-width: 654px) 100vw, 654px\" \/><\/a><\/p>\n<p>&nbsp;<\/p>\n<p>&nbsp;<\/p>\n<h4><\/h4>\n<h2>ZAKUP MATERIA\u0141\u00d3W OKULISTYCZNYCH<\/h2>\n<p>&nbsp;<\/p>\n<p>Po wybuchu wojny na Ukrainie polskie \u015brodowisko lekarskie otrzymywa\u0142o liczne sygna\u0142y o sytuacji\u00a0 w szpitalach na Ukrainie i zapotrzebowaniu na \u015brodki medyczne. Organizacje\u00a0 takie jak Polskie Towarzystwo Okulistyczne , Europejskie Stowarzyszenie Chirurg\u00f3w Okulist\u00f3w, grupa OCHO i wiele innych zacz\u0119\u0142y\u00a0publikowa\u0107 listy niezb\u0119dnych\u00a0\u015brodk\u00f3w: lek\u00f3w , materia\u0142\u00f3w opatrunkowych, narz\u0119dzi.W warunkach wojennych ka\u017cda ich ilo\u015b\u0107 jest tam potrzebna.<\/p>\n<p>Nasi cz\u0142onkowie<br \/>\nDr Janusz Cie\u015blik wsp\u00f3lnie z Magdalen\u0105 \u017bmijewsk\u0105 wyst\u0105pili o grant celowy do klubu ROTARY w Denver USA na zakup \u015brodk\u00f3w medycznych dla ukrai\u0144skich szpitali. Znaj\u0105c zapotrzebowanie\u00a0 i maj\u0105c\u00a0 mo\u017cliwo\u015bci\u00a0szybkiego dost\u0119pu do\u00a0 do dystrybutor\u00f3w w ci\u0105gu\u00a0kilku dni byli\u015bmy\u00a0w stanie zam\u00f3wi\u0107 narz\u0119dzia\u00a0 jednorazowe, nici chirurgiczne, osprz\u0119t do aparatury okulistycznej i inne materia\u0142y niezb\u0119dne do zaopatrzenia\u00a0chirurgicznego uraz\u00f3w oczu, jakie\u00a0maj\u0105\u00a0 miejsce w warunkach wojennych. \u0141\u0105cznie przekazali\u015bmy materia\u0142y na kwot\u0119 ponad 60 000 z\u0142. 3 czerwca otrzymali\u015bmy potwierdzenie\u00a0dostarczenia\u00a0 materia\u0142\u00f3w do Lwowa. Stamt\u0105d mog\u0142y trafi\u0107 dalej do szpitali polowych. Dzi\u0119ki wsp\u00f3\u0142pracy z Grup\u0105 OCHO prof. Zag\u00f3rskiego, kt\u00f3ra zajmowa\u0142a si\u0119 ju\u017c wcze\u015bniej wysy\u0142aniem pomocy na Ukrain\u0119, nasza pomoc mog\u0142a tam dotrze\u0107 w kr\u00f3tkim czasie.<\/p>\n<p>Wykaz zakupionych materia\u0142\u00f3w<\/p>\n<p><a href=\"http:\/\/rotary.kielce.pl\/wp-content\/uploads\/2022\/08\/Pomoc-_j_cie\u015blik1.jpg\"><img decoding=\"async\" loading=\"lazy\" class=\"alignnone size-medium wp-image-1831\" alt=\"Pomoc _j_cie\u015blik\" src=\"http:\/\/rotary.kielce.pl\/wp-content\/uploads\/2022\/08\/Pomoc-_j_cie\u015blik1-225x300.jpg\" width=\"400\" height=\"auto\" srcset=\"http:\/\/rotary.kielce.pl\/wp-content\/uploads\/2022\/08\/Pomoc-_j_cie\u015blik1-225x300.jpg 225w, http:\/\/rotary.kielce.pl\/wp-content\/uploads\/2022\/08\/Pomoc-_j_cie\u015blik1-768x1024.jpg 768w, http:\/\/rotary.kielce.pl\/wp-content\/uploads\/2022\/08\/Pomoc-_j_cie\u015blik1.jpg 1089w\" sizes=\"(max-width: 225px) 100vw, 225px\" \/><\/a><\/p>\n<h4>Zgromadzone materia\u0142y w Kielcach<\/h4>\n<p><a href=\"http:\/\/rotary.kielce.pl\/wp-content\/uploads\/2022\/08\/DSC_1887-3.jpg\"><img decoding=\"async\" loading=\"lazy\" class=\"alignnone size-medium wp-image-1846\" alt=\"DSC_1887 (3)\" src=\"http:\/\/rotary.kielce.pl\/wp-content\/uploads\/2022\/08\/DSC_1887-3-300x198.jpg\" width=\"400\" height=\"auto\" srcset=\"http:\/\/rotary.kielce.pl\/wp-content\/uploads\/2022\/08\/DSC_1887-3-300x198.jpg 300w, http:\/\/rotary.kielce.pl\/wp-content\/uploads\/2022\/08\/DSC_1887-3-1024x678.jpg 1024w\" sizes=\"(max-width: 300px) 100vw, 300px\" \/><\/a><\/p>\n<p>&nbsp;<\/p>\n<h4>Materia\u0142y we Lwowie<\/h4>\n<p><a href=\"http:\/\/rotary.kielce.pl\/wp-content\/uploads\/2022\/08\/Lw\u00f3w-dostarczone.jpg\"><img decoding=\"async\" loading=\"lazy\" class=\"alignnone size-medium wp-image-1850\" alt=\"Lw\u00f3w dostarczone\" src=\"http:\/\/rotary.kielce.pl\/wp-content\/uploads\/2022\/08\/Lw\u00f3w-dostarczone-300x169.jpg\" width=\"400\" height=\"auto\" srcset=\"http:\/\/rotary.kielce.pl\/wp-content\/uploads\/2022\/08\/Lw\u00f3w-dostarczone-300x169.jpg 300w, http:\/\/rotary.kielce.pl\/wp-content\/uploads\/2022\/08\/Lw\u00f3w-dostarczone.jpg 640w\" sizes=\"(max-width: 300px) 100vw, 300px\" \/><\/a><\/p>\n<h3>\u00a0Podzi\u0119kowania dla dr-a Janusza Cie\u015blika<\/h3>\n<h2><\/h2>\n<h2><strong><a href=\"http:\/\/rotary.kielce.pl\/wp-content\/uploads\/2022\/08\/Dr-Janusz-Cie\u015blik.pdf\"><span style=\"color: #0000ff;\"><br \/>\nDr Janusz Cie\u015blik<\/span><\/a><\/strong><\/h2>\n<h2><a href=\"http:\/\/rotary.kielce.pl\/wp-content\/uploads\/2022\/08\/Podziekowania-_JC1.jpg\"><img decoding=\"async\" loading=\"lazy\" class=\"alignnone size-medium wp-image-1838\" alt=\"Podziekowania _JC\" src=\"http:\/\/rotary.kielce.pl\/wp-content\/uploads\/2022\/08\/Podziekowania-_JC1-234x300.jpg\" width=\"350\" height=\"auto\" srcset=\"http:\/\/rotary.kielce.pl\/wp-content\/uploads\/2022\/08\/Podziekowania-_JC1-234x300.jpg 234w, http:\/\/rotary.kielce.pl\/wp-content\/uploads\/2022\/08\/Podziekowania-_JC1-801x1024.jpg 801w, http:\/\/rotary.kielce.pl\/wp-content\/uploads\/2022\/08\/Podziekowania-_JC1.jpg 1162w\" sizes=\"(max-width: 234px) 100vw, 234px\" \/><\/a><\/h2>\n<p>&nbsp;<\/p>\n<p>&nbsp;<\/p>\n","protected":false},"excerpt":{"rendered":"<p>Pomoc dla\u00a0 Oddzia\u0142u Otolaryngologii Dzieci\u0119cej w Lwowskiego Regionalnego Dzieci\u0119cego Szpitala Klinicznego W ramach pomocy walcz\u0105cej Ukrainie cz\u0142onkowie RC Kielce zdecydowali o celowym wsparciu dla Oddzia\u0142u Otolaryngologii Dzieci\u0119cej w Lwowskim Regionalnym Dzieci\u0119cym Szpitalu Klinicznym. O&#46;&#46;&#46;<\/p>\n","protected":false},"author":5,"featured_media":1828,"comment_status":"closed","ping_status":"closed","sticky":false,"template":"","format":"standard","meta":[],"categories":[7],"tags":[],"_links":{"self":[{"href":"http:\/\/rotary.kielce.pl\/index.php?rest_route=\/wp\/v2\/posts\/1819"}],"collection":[{"href":"http:\/\/rotary.kielce.pl\/index.php?rest_route=\/wp\/v2\/posts"}],"about":[{"href":"http:\/\/rotary.kielce.pl\/index.php?rest_route=\/wp\/v2\/types\/post"}],"author":[{"embeddable":true,"href":"http:\/\/rotary.kielce.pl\/index.php?rest_route=\/wp\/v2\/users\/5"}],"replies":[{"embeddable":true,"href":"http:\/\/rotary.kielce.pl\/index.php?rest_route=%2Fwp%2Fv2%2Fcomments&post=1819"}],"version-history":[{"count":19,"href":"http:\/\/rotary.kielce.pl\/index.php?rest_route=\/wp\/v2\/posts\/1819\/revisions"}],"predecessor-version":[{"id":1865,"href":"http:\/\/rotary.kielce.pl\/index.php?rest_route=\/wp\/v2\/posts\/1819\/revisions\/1865"}],"wp:featuredmedia":[{"embeddable":true,"href":"http:\/\/rotary.kielce.pl\/index.php?rest_route=\/wp\/v2\/media\/1828"}],"wp:attachment":[{"href":"http:\/\/rotary.kielce.pl\/index.php?rest_route=%2Fwp%2Fv2%2Fmedia&parent=1819"}],"wp:term":[{"taxonomy":"category","embeddable":true,"href":"http:\/\/rotary.kielce.pl\/index.php?rest_route=%2Fwp%2Fv2%2Fcategories&post=1819"},{"taxonomy":"post_tag","embeddable":true,"href":"http:\/\/rotary.kielce.pl\/index.php?rest_route=%2Fwp%2Fv2%2Ftags&post=1819"}],"curies":[{"name":"wp","href":"https:\/\/api.w.org\/{rel}","templated":true}]}}