{"id":1866,"date":"2022-08-28T14:05:51","date_gmt":"2022-08-28T12:05:51","guid":{"rendered":"http:\/\/rotary.kielce.pl\/?p=1866"},"modified":"2022-08-28T14:05:51","modified_gmt":"2022-08-28T12:05:51","slug":"spotkanie-z-mopr","status":"publish","type":"post","link":"http:\/\/rotary.kielce.pl\/?p=1866","title":{"rendered":"Spotkanie z MOPR."},"content":{"rendered":"<h4>Spotkanie z MOPR.<br \/>\nW dniu 22.08.2022 go\u015bciem poniedzia\u0142kowego spotkania naszego Klubu by\u0142a p. Katarzyna W\u00f3jcik, zast\u0119pca dyrektora Miejskiego O\u015brodka Pomocy w Rodzinie w Kielcach. Rozmawiali\u015bmy o sytuacji socjalno-bytowej Kielczan, skali spo\u0142ecznej pomocy oraz mo\u017cliwo\u015bci wsparcia dzia\u0142a\u0144 MOPR przez Klub. Zaskoczeniem dla nas by\u0142a informacja o ogromnej ilo\u015bci os\u00f3b w Kielcach korzystaj\u0105cych z publicznego wsparcia.<\/h4>\n<h3>Marcin Krzemi\u0144ski<\/h3>\n<p><a href=\"http:\/\/rotary.kielce.pl\/wp-content\/uploads\/2022\/08\/IMG-20220827-WA0002.jpg\"><img decoding=\"async\" loading=\"lazy\" class=\"alignnone size-medium wp-image-1867\" alt=\"IMG-20220827-WA0002\" src=\"http:\/\/rotary.kielce.pl\/wp-content\/uploads\/2022\/08\/IMG-20220827-WA0002-300x225.jpg\" width=\"400\" height=\"auto\" srcset=\"http:\/\/rotary.kielce.pl\/wp-content\/uploads\/2022\/08\/IMG-20220827-WA0002-300x225.jpg 300w, http:\/\/rotary.kielce.pl\/wp-content\/uploads\/2022\/08\/IMG-20220827-WA0002.jpg 1024w\" sizes=\"(max-width: 300px) 100vw, 300px\" \/><\/a> <br \/>\n<a href=\"http:\/\/rotary.kielce.pl\/wp-content\/uploads\/2022\/08\/IMG-20220827-WA0000.jpg\"><img decoding=\"async\" loading=\"lazy\" class=\"alignnone size-medium wp-image-1868\" alt=\"IMG-20220827-WA0000\" src=\"http:\/\/rotary.kielce.pl\/wp-content\/uploads\/2022\/08\/IMG-20220827-WA0000-225x300.jpg\" width=\"400\" height=\"auto\" srcset=\"http:\/\/rotary.kielce.pl\/wp-content\/uploads\/2022\/08\/IMG-20220827-WA0000-225x300.jpg 225w, http:\/\/rotary.kielce.pl\/wp-content\/uploads\/2022\/08\/IMG-20220827-WA0000.jpg 768w\" sizes=\"(max-width: 225px) 100vw, 225px\" \/><\/a><br \/>\n<br \/>\n <a href=\"http:\/\/rotary.kielce.pl\/wp-content\/uploads\/2022\/08\/IMG-20220827-WA0001.jpg\"><img decoding=\"async\" loading=\"lazy\" class=\"alignnone size-medium wp-image-1869\" alt=\"IMG-20220827-WA0001\" src=\"http:\/\/rotary.kielce.pl\/wp-content\/uploads\/2022\/08\/IMG-20220827-WA0001-300x225.jpg\" width=\"400\" height=\"auto\" srcset=\"http:\/\/rotary.kielce.pl\/wp-content\/uploads\/2022\/08\/IMG-20220827-WA0001-300x225.jpg 300w, http:\/\/rotary.kielce.pl\/wp-content\/uploads\/2022\/08\/IMG-20220827-WA0001.jpg 1024w\" sizes=\"(max-width: 300px) 100vw, 300px\" \/><\/a><\/p>\n","protected":false},"excerpt":{"rendered":"<p>Spotkanie z MOPR. W dniu 22.08.2022 go\u015bciem poniedzia\u0142kowego spotkania naszego Klubu by\u0142a p. Katarzyna W\u00f3jcik, zast\u0119pca dyrektora Miejskiego O\u015brodka Pomocy w Rodzinie w Kielcach. Rozmawiali\u015bmy o sytuacji socjalno-bytowej Kielczan, skali spo\u0142ecznej pomocy oraz mo\u017cliwo\u015bci&#46;&#46;&#46;<\/p>\n","protected":false},"author":5,"featured_media":1869,"comment_status":"closed","ping_status":"closed","sticky":false,"template":"","format":"standard","meta":[],"categories":[7],"tags":[],"_links":{"self":[{"href":"http:\/\/rotary.kielce.pl\/index.php?rest_route=\/wp\/v2\/posts\/1866"}],"collection":[{"href":"http:\/\/rotary.kielce.pl\/index.php?rest_route=\/wp\/v2\/posts"}],"about":[{"href":"http:\/\/rotary.kielce.pl\/index.php?rest_route=\/wp\/v2\/types\/post"}],"author":[{"embeddable":true,"href":"http:\/\/rotary.kielce.pl\/index.php?rest_route=\/wp\/v2\/users\/5"}],"replies":[{"embeddable":true,"href":"http:\/\/rotary.kielce.pl\/index.php?rest_route=%2Fwp%2Fv2%2Fcomments&post=1866"}],"version-history":[{"count":5,"href":"http:\/\/rotary.kielce.pl\/index.php?rest_route=\/wp\/v2\/posts\/1866\/revisions"}],"predecessor-version":[{"id":1874,"href":"http:\/\/rotary.kielce.pl\/index.php?rest_route=\/wp\/v2\/posts\/1866\/revisions\/1874"}],"wp:featuredmedia":[{"embeddable":true,"href":"http:\/\/rotary.kielce.pl\/index.php?rest_route=\/wp\/v2\/media\/1869"}],"wp:attachment":[{"href":"http:\/\/rotary.kielce.pl\/index.php?rest_route=%2Fwp%2Fv2%2Fmedia&parent=1866"}],"wp:term":[{"taxonomy":"category","embeddable":true,"href":"http:\/\/rotary.kielce.pl\/index.php?rest_route=%2Fwp%2Fv2%2Fcategories&post=1866"},{"taxonomy":"post_tag","embeddable":true,"href":"http:\/\/rotary.kielce.pl\/index.php?rest_route=%2Fwp%2Fv2%2Ftags&post=1866"}],"curies":[{"name":"wp","href":"https:\/\/api.w.org\/{rel}","templated":true}]}}