{"id":2016,"date":"2023-05-24T13:44:48","date_gmt":"2023-05-24T11:44:48","guid":{"rendered":"http:\/\/rotary.kielce.pl\/?p=2016"},"modified":"2023-05-24T13:45:33","modified_gmt":"2023-05-24T11:45:33","slug":"soptkanie-z-dyrektorem-muzeum-narodowego-w-kielcach","status":"publish","type":"post","link":"http:\/\/rotary.kielce.pl\/?p=2016","title":{"rendered":"Soptkanie z dyrektorem Muzeum Narodowego w Kielcach"},"content":{"rendered":"<p>&nbsp;<\/p>\n<p>Go\u015bciem Klubu Rotary Kielce by\u0142 profesor Robert Kotowski, dyrektor Muzeum Narodowego w Kielcach. Rozmawiali\u015bmy o muzeoterapii oraz galerii malarstwa. Kilka miesi\u0119cy temu nasz Klub zwr\u00f3ci\u0142 si\u0119 do Pana Dyrektora z wnioskiem o nadanie Galerii Malarstwa Polskiego i\u00a0Europejskiej Sztuki Zdobniczej\u00a0 imienia Alojzego Obornego. Alojzy by\u0142 inicjatorem jej powstania i wieloletnim dyrektorem kieleckiego muzeum. By\u0142 tak\u017ce cz\u0142onkiem Rotary.<\/p>\n<p>Marcin Krzemi\u0144ski<\/p>\n<p><a href=\"http:\/\/rotary.kielce.pl\/wp-content\/uploads\/2023\/05\/IMG-20230522-WA0000.jpg\"><img decoding=\"async\" loading=\"lazy\" class=\"alignnone size-medium wp-image-2017\" alt=\"IMG-20230522-WA0000\" src=\"http:\/\/rotary.kielce.pl\/wp-content\/uploads\/2023\/05\/IMG-20230522-WA0000-300x140.jpg\" width=\"300\" height=\"140\" srcset=\"http:\/\/rotary.kielce.pl\/wp-content\/uploads\/2023\/05\/IMG-20230522-WA0000-300x140.jpg 300w, http:\/\/rotary.kielce.pl\/wp-content\/uploads\/2023\/05\/IMG-20230522-WA0000-1024x478.jpg 1024w, http:\/\/rotary.kielce.pl\/wp-content\/uploads\/2023\/05\/IMG-20230522-WA0000-520x245.jpg 520w, http:\/\/rotary.kielce.pl\/wp-content\/uploads\/2023\/05\/IMG-20230522-WA0000.jpg 1600w\" sizes=\"(max-width: 300px) 100vw, 300px\" \/><\/a> <a href=\"http:\/\/rotary.kielce.pl\/wp-content\/uploads\/2023\/05\/IMG-20230522-WA0001.jpg\"><img decoding=\"async\" loading=\"lazy\" class=\"alignnone size-medium wp-image-2018\" alt=\"IMG-20230522-WA0001\" src=\"http:\/\/rotary.kielce.pl\/wp-content\/uploads\/2023\/05\/IMG-20230522-WA0001-300x140.jpg\" width=\"300\" height=\"140\" srcset=\"http:\/\/rotary.kielce.pl\/wp-content\/uploads\/2023\/05\/IMG-20230522-WA0001-300x140.jpg 300w, http:\/\/rotary.kielce.pl\/wp-content\/uploads\/2023\/05\/IMG-20230522-WA0001-1024x478.jpg 1024w, http:\/\/rotary.kielce.pl\/wp-content\/uploads\/2023\/05\/IMG-20230522-WA0001-520x245.jpg 520w, http:\/\/rotary.kielce.pl\/wp-content\/uploads\/2023\/05\/IMG-20230522-WA0001.jpg 1600w\" sizes=\"(max-width: 300px) 100vw, 300px\" \/><\/a><\/p>\n<p>&nbsp;<\/p>\n<p>&nbsp;<\/p>\n","protected":false},"excerpt":{"rendered":"<p>&nbsp; Go\u015bciem Klubu Rotary Kielce by\u0142 profesor Robert Kotowski, dyrektor Muzeum Narodowego w Kielcach. Rozmawiali\u015bmy o muzeoterapii oraz galerii malarstwa. Kilka miesi\u0119cy temu nasz Klub zwr\u00f3ci\u0142 si\u0119 do Pana Dyrektora z wnioskiem o nadanie&#46;&#46;&#46;<\/p>\n","protected":false},"author":5,"featured_media":2018,"comment_status":"closed","ping_status":"closed","sticky":false,"template":"","format":"standard","meta":[],"categories":[7],"tags":[],"_links":{"self":[{"href":"http:\/\/rotary.kielce.pl\/index.php?rest_route=\/wp\/v2\/posts\/2016"}],"collection":[{"href":"http:\/\/rotary.kielce.pl\/index.php?rest_route=\/wp\/v2\/posts"}],"about":[{"href":"http:\/\/rotary.kielce.pl\/index.php?rest_route=\/wp\/v2\/types\/post"}],"author":[{"embeddable":true,"href":"http:\/\/rotary.kielce.pl\/index.php?rest_route=\/wp\/v2\/users\/5"}],"replies":[{"embeddable":true,"href":"http:\/\/rotary.kielce.pl\/index.php?rest_route=%2Fwp%2Fv2%2Fcomments&post=2016"}],"version-history":[{"count":2,"href":"http:\/\/rotary.kielce.pl\/index.php?rest_route=\/wp\/v2\/posts\/2016\/revisions"}],"predecessor-version":[{"id":2020,"href":"http:\/\/rotary.kielce.pl\/index.php?rest_route=\/wp\/v2\/posts\/2016\/revisions\/2020"}],"wp:featuredmedia":[{"embeddable":true,"href":"http:\/\/rotary.kielce.pl\/index.php?rest_route=\/wp\/v2\/media\/2018"}],"wp:attachment":[{"href":"http:\/\/rotary.kielce.pl\/index.php?rest_route=%2Fwp%2Fv2%2Fmedia&parent=2016"}],"wp:term":[{"taxonomy":"category","embeddable":true,"href":"http:\/\/rotary.kielce.pl\/index.php?rest_route=%2Fwp%2Fv2%2Fcategories&post=2016"},{"taxonomy":"post_tag","embeddable":true,"href":"http:\/\/rotary.kielce.pl\/index.php?rest_route=%2Fwp%2Fv2%2Ftags&post=2016"}],"curies":[{"name":"wp","href":"https:\/\/api.w.org\/{rel}","templated":true}]}}