{"id":2023,"date":"2023-10-26T12:02:53","date_gmt":"2023-10-26T10:02:53","guid":{"rendered":"http:\/\/rotary.kielce.pl\/?p=2023"},"modified":"2023-10-26T12:21:14","modified_gmt":"2023-10-26T10:21:14","slug":"zaproszenie-do-udzialu-w-vi-interdyscyplinarnym-konkursie-plastycznego-dla-osob-niepelnosprawnych","status":"publish","type":"post","link":"http:\/\/rotary.kielce.pl\/?p=2023","title":{"rendered":"Zaproszenie do udzia\u0142u w VI  Interdyscyplinarnym Konkursie Plastycznego dla os\u00f3b niepe\u0142nosprawnych."},"content":{"rendered":"<h1 align=\"center\"><b>Rotary Club Kielce oraz Biuro Wystaw Artystycznych w Kielcach<\/b><\/h1>\n<h2 align=\"center\"><b>serdecznie zapraszaj\u0105<\/b><\/h2>\n<h2 align=\"center\"><b>do <\/b><b>udzia\u0142u w VI Interdyscyplinarnym Konkursie Plastycznym dla os\u00f3b niepe\u0142nosprawnych z terenu miasta Kielce i powiatu kieleckiego<br \/>\nz okazji \u015awiatowego Dnia Os\u00f3b Niepe\u0142nosprawnych<\/b><b><\/b><\/h2>\n<h4 align=\"center\"><b>\u00a0<\/b><\/h4>\n<p>&nbsp;<\/p>\n<h3>Wystawa zg\u0142oszonych prac odb\u0119dzie si\u0119 w BWA z okazji \u015awiatowego Dnia Os\u00f3b Niepe\u0142nosprawnych w dniach 3-6.12.2023.<\/h3>\n<p><strong>Szczeg\u00f3\u0142y konkursu w regulaminie:<\/strong><\/p>\n<p><span style=\"color: #0000ff;\"><a href=\"http:\/\/rotary.kielce.pl\/wp-content\/uploads\/2023\/10\/ROTARY-Regulamin-Konkursu-Plastycznego-2023.pdf\"><span style=\"color: #0000ff;\">ROTARY Regulamin Konkursu Plastycznego 2023<\/span><\/a><\/span><\/p>\n<p>Karta zg\u0142oszenia uczestnictwa :<\/p>\n<p><span style=\"color: #0000ff;\"><a href=\"http:\/\/rotary.kielce.pl\/wp-content\/uploads\/2023\/10\/ROTARY-Konkurs-karta_zgloszeniowa-2023.pdf\"><span style=\"color: #0000ff;\">ROTARY Konkurs &#8211; karta_zgloszeniowa 2023<\/span><\/a><\/span><\/p>\n<h3><\/h3>\n<h3>Prezydent RC Kielce<\/h3>\n<h3>Magdalena \u017bmijewska<\/h3>\n<p>&nbsp;<\/p>\n","protected":false},"excerpt":{"rendered":"<p>Rotary Club Kielce oraz Biuro Wystaw Artystycznych w Kielcach serdecznie zapraszaj\u0105 do udzia\u0142u w VI Interdyscyplinarnym Konkursie Plastycznym dla os\u00f3b niepe\u0142nosprawnych z terenu miasta Kielce i powiatu kieleckiego z okazji \u015awiatowego Dnia Os\u00f3b Niepe\u0142nosprawnych&#46;&#46;&#46;<\/p>\n","protected":false},"author":5,"featured_media":2030,"comment_status":"closed","ping_status":"closed","sticky":false,"template":"","format":"standard","meta":[],"categories":[7],"tags":[],"_links":{"self":[{"href":"http:\/\/rotary.kielce.pl\/index.php?rest_route=\/wp\/v2\/posts\/2023"}],"collection":[{"href":"http:\/\/rotary.kielce.pl\/index.php?rest_route=\/wp\/v2\/posts"}],"about":[{"href":"http:\/\/rotary.kielce.pl\/index.php?rest_route=\/wp\/v2\/types\/post"}],"author":[{"embeddable":true,"href":"http:\/\/rotary.kielce.pl\/index.php?rest_route=\/wp\/v2\/users\/5"}],"replies":[{"embeddable":true,"href":"http:\/\/rotary.kielce.pl\/index.php?rest_route=%2Fwp%2Fv2%2Fcomments&post=2023"}],"version-history":[{"count":6,"href":"http:\/\/rotary.kielce.pl\/index.php?rest_route=\/wp\/v2\/posts\/2023\/revisions"}],"predecessor-version":[{"id":2035,"href":"http:\/\/rotary.kielce.pl\/index.php?rest_route=\/wp\/v2\/posts\/2023\/revisions\/2035"}],"wp:featuredmedia":[{"embeddable":true,"href":"http:\/\/rotary.kielce.pl\/index.php?rest_route=\/wp\/v2\/media\/2030"}],"wp:attachment":[{"href":"http:\/\/rotary.kielce.pl\/index.php?rest_route=%2Fwp%2Fv2%2Fmedia&parent=2023"}],"wp:term":[{"taxonomy":"category","embeddable":true,"href":"http:\/\/rotary.kielce.pl\/index.php?rest_route=%2Fwp%2Fv2%2Fcategories&post=2023"},{"taxonomy":"post_tag","embeddable":true,"href":"http:\/\/rotary.kielce.pl\/index.php?rest_route=%2Fwp%2Fv2%2Ftags&post=2023"}],"curies":[{"name":"wp","href":"https:\/\/api.w.org\/{rel}","templated":true}]}}