{"id":2044,"date":"2023-07-03T19:00:11","date_gmt":"2023-07-03T17:00:11","guid":{"rendered":"http:\/\/rotary.kielce.pl\/?p=2044"},"modified":"2025-07-30T14:33:48","modified_gmt":"2025-07-30T12:33:48","slug":"przekazanie-sluzby-na-kadencje-20232024","status":"publish","type":"post","link":"http:\/\/rotary.kielce.pl\/?p=2044","title":{"rendered":"Przekazanie s\u0142u\u017cby na kadencj\u0119 2023\/2024"},"content":{"rendered":"<p>W hotelu&nbsp;GRAND HOTEL&nbsp; Rotary Club Kielce zorganizowa\u0142&nbsp; spotkanie , na kt\u00f3rym przekazano s\u0142u\u017cb\u0119 kole\u017cance&nbsp; Ma\u0142gorzacie \u017bmijewskiej &nbsp; Ko\u0144cz\u0105cy s\u0142u\u017cb\u0119 prezydent Karolina Olejarz &nbsp; przekaza\u0142 symboliczny \u0142a\u0144cuch nowej Prezydent . Na spotkaniu wybrano nowy zarz\u0105d klubu kt\u00f3rego sekretarzem zosta\u0142 wybrany Marcin Krzemi\u0144sk<\/p>\n<p>i<a href=\"http:\/\/rotary.kielce.pl\/wp-content\/uploads\/2023\/11\/IMG-20230627-WA0018.jpg\"><img decoding=\"async\" loading=\"lazy\" class=\"alignnone size-medium wp-image-2046\" alt=\"IMG-20230627-WA0018\" src=\"http:\/\/rotary.kielce.pl\/wp-content\/uploads\/2023\/11\/IMG-20230627-WA0018-225x300.jpg\" width=\"225\" height=\"300\" srcset=\"http:\/\/rotary.kielce.pl\/wp-content\/uploads\/2023\/11\/IMG-20230627-WA0018-225x300.jpg 225w, http:\/\/rotary.kielce.pl\/wp-content\/uploads\/2023\/11\/IMG-20230627-WA0018.jpg 768w\" sizes=\"(max-width: 225px) 100vw, 225px\" \/><\/a>&nbsp; <a href=\"http:\/\/rotary.kielce.pl\/wp-content\/uploads\/2023\/11\/IMG-20230627-WA0031.jpg\"><img decoding=\"async\" loading=\"lazy\" class=\"alignnone size-medium wp-image-2048\" alt=\"IMG-20230627-WA0031\" src=\"http:\/\/rotary.kielce.pl\/wp-content\/uploads\/2023\/11\/IMG-20230627-WA0031-225x300.jpg\" width=\"225\" height=\"300\" srcset=\"http:\/\/rotary.kielce.pl\/wp-content\/uploads\/2023\/11\/IMG-20230627-WA0031-225x300.jpg 225w, http:\/\/rotary.kielce.pl\/wp-content\/uploads\/2023\/11\/IMG-20230627-WA0031.jpg 768w\" sizes=\"(max-width: 225px) 100vw, 225px\" \/><\/a><a href=\"http:\/\/rotary.kielce.pl\/wp-content\/uploads\/2023\/11\/IMG-20230627-WA0029.jpg\"><img decoding=\"async\" loading=\"lazy\" class=\"alignnone size-medium wp-image-2047\" alt=\"IMG-20230627-WA0029\" src=\"http:\/\/rotary.kielce.pl\/wp-content\/uploads\/2023\/11\/IMG-20230627-WA0029-225x300.jpg\" width=\"225\" height=\"300\" srcset=\"http:\/\/rotary.kielce.pl\/wp-content\/uploads\/2023\/11\/IMG-20230627-WA0029-225x300.jpg 225w, http:\/\/rotary.kielce.pl\/wp-content\/uploads\/2023\/11\/IMG-20230627-WA0029.jpg 768w\" sizes=\"(max-width: 225px) 100vw, 225px\" \/><\/a>&nbsp; <a href=\"http:\/\/rotary.kielce.pl\/wp-content\/uploads\/2023\/11\/IMG-20230627-WA0042.jpg\"><img decoding=\"async\" loading=\"lazy\" class=\"alignnone size-medium wp-image-2050\" alt=\"IMG-20230627-WA0042\" src=\"http:\/\/rotary.kielce.pl\/wp-content\/uploads\/2023\/11\/IMG-20230627-WA0042-225x300.jpg\" width=\"225\" height=\"300\" srcset=\"http:\/\/rotary.kielce.pl\/wp-content\/uploads\/2023\/11\/IMG-20230627-WA0042-225x300.jpg 225w, http:\/\/rotary.kielce.pl\/wp-content\/uploads\/2023\/11\/IMG-20230627-WA0042.jpg 768w\" sizes=\"(max-width: 225px) 100vw, 225px\" \/><\/a><\/p>\n<p>&nbsp;<\/p>\n","protected":false},"excerpt":{"rendered":"<p>W hotelu&nbsp;GRAND HOTEL&nbsp; Rotary Club Kielce zorganizowa\u0142&nbsp; spotkanie , na kt\u00f3rym przekazano s\u0142u\u017cb\u0119 kole\u017cance&nbsp; Ma\u0142gorzacie \u017bmijewskiej &nbsp; Ko\u0144cz\u0105cy s\u0142u\u017cb\u0119 prezydent Karolina Olejarz &nbsp; przekaza\u0142 symboliczny \u0142a\u0144cuch nowej Prezydent . Na spotkaniu wybrano nowy zarz\u0105d&#46;&#46;&#46;<\/p>\n","protected":false},"author":5,"featured_media":2049,"comment_status":"closed","ping_status":"closed","sticky":false,"template":"","format":"standard","meta":[],"categories":[7,9],"tags":[],"_links":{"self":[{"href":"http:\/\/rotary.kielce.pl\/index.php?rest_route=\/wp\/v2\/posts\/2044"}],"collection":[{"href":"http:\/\/rotary.kielce.pl\/index.php?rest_route=\/wp\/v2\/posts"}],"about":[{"href":"http:\/\/rotary.kielce.pl\/index.php?rest_route=\/wp\/v2\/types\/post"}],"author":[{"embeddable":true,"href":"http:\/\/rotary.kielce.pl\/index.php?rest_route=\/wp\/v2\/users\/5"}],"replies":[{"embeddable":true,"href":"http:\/\/rotary.kielce.pl\/index.php?rest_route=%2Fwp%2Fv2%2Fcomments&post=2044"}],"version-history":[{"count":3,"href":"http:\/\/rotary.kielce.pl\/index.php?rest_route=\/wp\/v2\/posts\/2044\/revisions"}],"predecessor-version":[{"id":2421,"href":"http:\/\/rotary.kielce.pl\/index.php?rest_route=\/wp\/v2\/posts\/2044\/revisions\/2421"}],"wp:featuredmedia":[{"embeddable":true,"href":"http:\/\/rotary.kielce.pl\/index.php?rest_route=\/wp\/v2\/media\/2049"}],"wp:attachment":[{"href":"http:\/\/rotary.kielce.pl\/index.php?rest_route=%2Fwp%2Fv2%2Fmedia&parent=2044"}],"wp:term":[{"taxonomy":"category","embeddable":true,"href":"http:\/\/rotary.kielce.pl\/index.php?rest_route=%2Fwp%2Fv2%2Fcategories&post=2044"},{"taxonomy":"post_tag","embeddable":true,"href":"http:\/\/rotary.kielce.pl\/index.php?rest_route=%2Fwp%2Fv2%2Ftags&post=2044"}],"curies":[{"name":"wp","href":"https:\/\/api.w.org\/{rel}","templated":true}]}}