{"id":2217,"date":"2024-09-17T11:45:20","date_gmt":"2024-09-17T09:45:20","guid":{"rendered":"http:\/\/rotary.kielce.pl\/?p=2217"},"modified":"2024-09-17T12:40:39","modified_gmt":"2024-09-17T10:40:39","slug":"zaproszenie-do-udzialu-w-vii-interdyscyplinarnym-konkursie-plastycznego-dla-osob-niepelnosprawnych","status":"publish","type":"post","link":"http:\/\/rotary.kielce.pl\/?p=2217","title":{"rendered":"Zaproszenie do udzia\u0142u w VII Interdyscyplinarnym Konkursie Plastycznego dla os\u00f3b niepe\u0142nosprawnych"},"content":{"rendered":"<h3><strong>Rotary Club Kielce oraz Biuro Wystaw Artystycznych w Kielcach<\/strong><\/p>\n<p>serdecznie zapraszaj\u0105<\/p>\n<p>do udzia\u0142u w <strong>VII Interdyscyplinarnym Konkursie Plastycznym dla os\u00f3b niepe\u0142nosprawnych<\/strong> z terenu miasta Kielce, powiatu kieleckiego  oraz powiatu opatowskiego<br \/>\nz okazji \u015awiatowego Dnia Os\u00f3b Niepe\u0142nosprawnych<\/h3>\n<h4>Wystawa zg\u0142oszonych prac odb\u0119dzie si\u0119 w BWA z okazji \u015awiatowego Dnia Os\u00f3b Niepe\u0142nosprawnych w dniach 8-10.12.2024.<\/h4>\n<h4>Szczeg\u00f3\u0142y konkursu w regulaminie:<br \/>\n<a href=\"http:\/\/rotary.kielce.pl\/wp-content\/uploads\/2024\/09\/Regulamin-VII-konkursu-Plastycznego-2024.pdf\"> <span style=\"color: #0000ff;\">Regulamin VII konkursu Plastycznego 2024 <\/spam><\/a><\/h4>\n<h4>ROTARY Regulamin Konkursu Plastycznego 2024<\/h4>\n<h4>Karta zg\u0142oszenia uczestnictwa :<br \/>\n<a href=\"http:\/\/rotary.kielce.pl\/wp-content\/uploads\/2024\/09\/ROTARY-Konkurs-karta_zgloszeniowa-2024.pdf\"><span style=\"color: #0000ff;\">ROTARY Konkurs &#8211; karta_zg\u0142oszeniowa 2024<\/spam><\/a><\/h4>\n<\/h4>\n<p><a href=\"http:\/\/rotary.kielce.pl\/wp-content\/uploads\/2024\/09\/zaproszenieRotary-01.jpg\"><img decoding=\"async\" loading=\"lazy\" src=\"http:\/\/rotary.kielce.pl\/wp-content\/uploads\/2024\/09\/zaproszenieRotary-01-300x114.jpg\" alt=\"zaproszenieRotary-01\" width=\"600\" height=\"auto\" class=\"alignnone size-medium wp-image-2224\" srcset=\"http:\/\/rotary.kielce.pl\/wp-content\/uploads\/2024\/09\/zaproszenieRotary-01-300x114.jpg 300w, http:\/\/rotary.kielce.pl\/wp-content\/uploads\/2024\/09\/zaproszenieRotary-01-1024x392.jpg 1024w\" sizes=\"(max-width: 300px) 100vw, 300px\" \/><\/a><\/p>\n<h4>\n<p>Prezydent RC Kielce<br \/>\nAndrzej Neimitz<\/p>\n","protected":false},"excerpt":{"rendered":"<p>Rotary Club Kielce oraz Biuro Wystaw Artystycznych w Kielcach serdecznie zapraszaj\u0105 do udzia\u0142u w VII Interdyscyplinarnym Konkursie Plastycznym dla os\u00f3b niepe\u0142nosprawnych z terenu miasta Kielce, powiatu kieleckiego oraz powiatu opatowskiego z okazji \u015awiatowego Dnia&#46;&#46;&#46;<\/p>\n","protected":false},"author":5,"featured_media":2229,"comment_status":"closed","ping_status":"closed","sticky":false,"template":"","format":"standard","meta":[],"categories":[7],"tags":[],"_links":{"self":[{"href":"http:\/\/rotary.kielce.pl\/index.php?rest_route=\/wp\/v2\/posts\/2217"}],"collection":[{"href":"http:\/\/rotary.kielce.pl\/index.php?rest_route=\/wp\/v2\/posts"}],"about":[{"href":"http:\/\/rotary.kielce.pl\/index.php?rest_route=\/wp\/v2\/types\/post"}],"author":[{"embeddable":true,"href":"http:\/\/rotary.kielce.pl\/index.php?rest_route=\/wp\/v2\/users\/5"}],"replies":[{"embeddable":true,"href":"http:\/\/rotary.kielce.pl\/index.php?rest_route=%2Fwp%2Fv2%2Fcomments&post=2217"}],"version-history":[{"count":12,"href":"http:\/\/rotary.kielce.pl\/index.php?rest_route=\/wp\/v2\/posts\/2217\/revisions"}],"predecessor-version":[{"id":2230,"href":"http:\/\/rotary.kielce.pl\/index.php?rest_route=\/wp\/v2\/posts\/2217\/revisions\/2230"}],"wp:featuredmedia":[{"embeddable":true,"href":"http:\/\/rotary.kielce.pl\/index.php?rest_route=\/wp\/v2\/media\/2229"}],"wp:attachment":[{"href":"http:\/\/rotary.kielce.pl\/index.php?rest_route=%2Fwp%2Fv2%2Fmedia&parent=2217"}],"wp:term":[{"taxonomy":"category","embeddable":true,"href":"http:\/\/rotary.kielce.pl\/index.php?rest_route=%2Fwp%2Fv2%2Fcategories&post=2217"},{"taxonomy":"post_tag","embeddable":true,"href":"http:\/\/rotary.kielce.pl\/index.php?rest_route=%2Fwp%2Fv2%2Ftags&post=2217"}],"curies":[{"name":"wp","href":"https:\/\/api.w.org\/{rel}","templated":true}]}}