{"id":2431,"date":"2025-10-03T20:48:40","date_gmt":"2025-10-03T18:48:40","guid":{"rendered":"http:\/\/rotary.kielce.pl\/?p=2431"},"modified":"2025-10-03T20:55:18","modified_gmt":"2025-10-03T18:55:18","slug":"zaproszenie-do-udzialu-w-viii-interdyscyplinarnym-konkursie-plastycznego-dla-osob-niepelnosprawnych","status":"publish","type":"post","link":"http:\/\/rotary.kielce.pl\/?p=2431","title":{"rendered":"Zaproszenie do udzia\u0142u w VIII Interdyscyplinarnym Konkursie Plastycznego dla os\u00f3b niepe\u0142nosprawnych"},"content":{"rendered":"<h3><strong>Rotary Club Kielce oraz Biuro Wystaw Artystycznych w Kielcach<\/strong><\/h3>\n<p>serdecznie zapraszaj\u0105<\/p>\n<p>do udzia\u0142u w <strong>VIII Interdyscyplinarnym Konkursie Plastycznym dla os\u00f3b niepe\u0142nosprawnych<\/strong> z terenu miasta Kielce, powiatu kieleckiego oraz powiatu opatowskiego<br \/>\nz okazji \u015awiatowego Dnia Os\u00f3b Niepe\u0142nosprawnych<\/p>\n<h4>Wystawa zg\u0142oszonych prac odb\u0119dzie si\u0119 w BWA z okazji \u015awiatowego Dnia Os\u00f3b Niepe\u0142nosprawnych w dniach 7-8.12.2024.<\/h4>\n<p><a href=\"http:\/\/rotary.kielce.pl\/wp-content\/uploads\/2025\/10\/Regulamin-Konkursu-Plastycznego-dla-Niepelnosprawnyck_25.pdf\" data-wplink-edit=\"true\"><\/a><\/p>\n<p><a href=\"http:\/\/rotary.kielce.pl\/wp-content\/uploads\/2025\/10\/Regulamin-Konkursu-Plastycznego-dla-Niepelnosprawnyck_25.pdf\" data-wplink-edit=\"true\"><\/a><\/p>\n<p><a href=\"http:\/\/rotary.kielce.pl\/wp-content\/uploads\/2025\/10\/Regulamin-Konkursu-Plastycznego-dla-Niepelnosprawnyck_25.pdf\" data-wplink-edit=\"true\"><\/a><\/p>\n<p><a href=\"http:\/\/rotary.kielce.pl\/wp-content\/uploads\/2025\/10\/Regulamin-Konkursu-Plastycznego-dla-Niepelnosprawnyck_25.pdf\" data-wplink-edit=\"true\"><\/a><\/p>\n<p><a href=\"http:\/\/rotary.kielce.pl\/wp-content\/uploads\/2025\/10\/Regulamin-Konkursu-Plastycznego-dla-Niepelnosprawnyck_25.pdf\" data-wplink-edit=\"true\"><\/a><\/p>\n<p><a href=\"http:\/\/rotary.kielce.pl\/wp-content\/uploads\/2025\/10\/Regulamin-Konkursu-Plastycznego-dla-Niepelnosprawnyck_25.pdf\" data-wplink-edit=\"true\"><\/a><\/p>\n<p><a href=\"http:\/\/rotary.kielce.pl\/wp-content\/uploads\/2025\/10\/Regulamin-Konkursu-Plastycznego-dla-Niepelnosprawnyck_25.pdf\" data-wplink-edit=\"true\"><\/a><\/p>\n<p><a href=\"http:\/\/rotary.kielce.pl\/wp-content\/uploads\/2025\/10\/Regulamin-Konkursu-Plastycznego-dla-Niepelnosprawnyck_25.pdf\" data-wplink-edit=\"true\"><\/a><\/p>\n<p><a href=\"http:\/\/rotary.kielce.pl\/wp-content\/uploads\/2025\/10\/Regulamin-Konkursu-Plastycznego-dla-Niepelnosprawnyck_25.pdf\" data-wplink-edit=\"true\"><\/a><\/p>\n<p><a href=\"http:\/\/rotary.kielce.pl\/wp-content\/uploads\/2025\/10\/Regulamin-Konkursu-Plastycznego-dla-Niepelnosprawnyck_25.pdf\" data-wplink-edit=\"true\"><\/p>\n<h4><span style=\"color: #0000ff\">ROTARY Regulamin Konkursu Plastycznego 2025 <\/span><\/h4>\n<p><\/a><a href=\"http:\/\/rotary.kielce.pl\/wp-content\/uploads\/2025\/10\/Regulamin-Konkursu-Plastycznego-dla-Niepelnosprawnyck_25.pdf\" data-wplink-edit=\"true\"><\/a><a href=\"http:\/\/rotary.kielce.pl\/wp-content\/uploads\/2025\/10\/Regulamin-Konkursu-Plastycznego-dla-Niepelnosprawnyck_25.pdf\" data-wplink-edit=\"true\"><\/a><a href=\"http:\/\/rotary.kielce.pl\/wp-content\/uploads\/2025\/10\/Regulamin-Konkursu-Plastycznego-dla-Niepelnosprawnyck_25.pdf\" data-wplink-edit=\"true\"><\/a><a href=\"http:\/\/rotary.kielce.pl\/wp-content\/uploads\/2025\/10\/Regulamin-Konkursu-Plastycznego-dla-Niepelnosprawnyck_25.pdf\" data-wplink-edit=\"true\"><\/a><a href=\"http:\/\/rotary.kielce.pl\/wp-content\/uploads\/2025\/10\/Regulamin-Konkursu-Plastycznego-dla-Niepelnosprawnyck_25.pdf\" data-wplink-edit=\"true\"><\/a><a href=\"http:\/\/rotary.kielce.pl\/wp-content\/uploads\/2025\/10\/Regulamin-Konkursu-Plastycznego-dla-Niepelnosprawnyck_25.pdf\" data-wplink-edit=\"true\"><\/a><a href=\"http:\/\/rotary.kielce.pl\/wp-content\/uploads\/2025\/10\/Regulamin-Konkursu-Plastycznego-dla-Niepelnosprawnyck_25.pdf\" data-wplink-edit=\"true\"><\/a><a href=\"http:\/\/rotary.kielce.pl\/wp-content\/uploads\/2025\/10\/Regulamin-Konkursu-Plastycznego-dla-Niepelnosprawnyck_25.pdf\" data-wplink-edit=\"true\"><\/a><a href=\"http:\/\/rotary.kielce.pl\/wp-content\/uploads\/2025\/10\/Regulamin-Konkursu-Plastycznego-dla-Niepelnosprawnyck_25.pdf\" data-wplink-edit=\"true\"><\/a><\/p>\n<h4>Karta zg\u0142oszenia uczestnictwa :<br \/>\n<a href=\"http:\/\/rotary.kielce.pl\/wp-content\/uploads\/2025\/10\/ROTARY-Konkurs-karta_zgloszeniowa-2025.pdf\" data-wplink-edit=\"true\"><span style=\"color: #0000ff\">ROTARY Konkurs &#8211; karta_zg\u0142oszeniowa 2025<\/span><\/a><\/h4>\n<h4>Karta zg\u0142oszenia uczestnictwa  (.rtf):<br \/>\n<a href=\"http:\/\/rotary.kielce.pl\/wp-content\/uploads\/2025\/10\/ROTARY-Konkurs-karta_zgloszeniowa-2025.rtf\" data-wplink-edit=\"true\"><span style=\"color: #0000ff\">ROTARY Konkurs &#8211; karta_zg\u0142oszeniowa 2025<\/span><\/a><\/h4>\n<h4>Zaproszenie<\/h4>\n<p><a href=\"http:\/\/rotary.kielce.pl\/wp-content\/uploads\/2025\/10\/zaproszenie_2025.jpg\"><img decoding=\"async\" loading=\"lazy\" class=\"alignnone wp-image-2436 size-medium\" src=\"http:\/\/rotary.kielce.pl\/wp-content\/uploads\/2025\/10\/zaproszenie_2025-300x115.jpg\" alt=\"\" width=\"300\" height=\"115\" srcset=\"http:\/\/rotary.kielce.pl\/wp-content\/uploads\/2025\/10\/zaproszenie_2025-300x115.jpg 300w, http:\/\/rotary.kielce.pl\/wp-content\/uploads\/2025\/10\/zaproszenie_2025-1024x392.jpg 1024w, http:\/\/rotary.kielce.pl\/wp-content\/uploads\/2025\/10\/zaproszenie_2025-768x294.jpg 768w, http:\/\/rotary.kielce.pl\/wp-content\/uploads\/2025\/10\/zaproszenie_2025-1536x589.jpg 1536w, http:\/\/rotary.kielce.pl\/wp-content\/uploads\/2025\/10\/zaproszenie_2025-2048x785.jpg 2048w\" sizes=\"(max-width: 300px) 100vw, 300px\" \/><\/a><\/p>\n<h4>Prezydent RC Kielce<\/p>\n<p>Marek J\u0119drzejczak<\/h4>\n","protected":false},"excerpt":{"rendered":"<p>Rotary Club Kielce oraz Biuro Wystaw Artystycznych w Kielcach serdecznie zapraszaj\u0105 do udzia\u0142u w VIII Interdyscyplinarnym Konkursie Plastycznym dla os\u00f3b niepe\u0142nosprawnych z terenu miasta Kielce, powiatu kieleckiego oraz powiatu opatowskiego z okazji \u015awiatowego Dnia&#46;&#46;&#46;<\/p>\n","protected":false},"author":5,"featured_media":2436,"comment_status":"closed","ping_status":"closed","sticky":false,"template":"","format":"standard","meta":[],"categories":[7],"tags":[],"_links":{"self":[{"href":"http:\/\/rotary.kielce.pl\/index.php?rest_route=\/wp\/v2\/posts\/2431"}],"collection":[{"href":"http:\/\/rotary.kielce.pl\/index.php?rest_route=\/wp\/v2\/posts"}],"about":[{"href":"http:\/\/rotary.kielce.pl\/index.php?rest_route=\/wp\/v2\/types\/post"}],"author":[{"embeddable":true,"href":"http:\/\/rotary.kielce.pl\/index.php?rest_route=\/wp\/v2\/users\/5"}],"replies":[{"embeddable":true,"href":"http:\/\/rotary.kielce.pl\/index.php?rest_route=%2Fwp%2Fv2%2Fcomments&post=2431"}],"version-history":[{"count":16,"href":"http:\/\/rotary.kielce.pl\/index.php?rest_route=\/wp\/v2\/posts\/2431\/revisions"}],"predecessor-version":[{"id":2453,"href":"http:\/\/rotary.kielce.pl\/index.php?rest_route=\/wp\/v2\/posts\/2431\/revisions\/2453"}],"wp:featuredmedia":[{"embeddable":true,"href":"http:\/\/rotary.kielce.pl\/index.php?rest_route=\/wp\/v2\/media\/2436"}],"wp:attachment":[{"href":"http:\/\/rotary.kielce.pl\/index.php?rest_route=%2Fwp%2Fv2%2Fmedia&parent=2431"}],"wp:term":[{"taxonomy":"category","embeddable":true,"href":"http:\/\/rotary.kielce.pl\/index.php?rest_route=%2Fwp%2Fv2%2Fcategories&post=2431"},{"taxonomy":"post_tag","embeddable":true,"href":"http:\/\/rotary.kielce.pl\/index.php?rest_route=%2Fwp%2Fv2%2Ftags&post=2431"}],"curies":[{"name":"wp","href":"https:\/\/api.w.org\/{rel}","templated":true}]}}