{"id":2560,"date":"2026-04-17T23:14:15","date_gmt":"2026-04-17T21:14:15","guid":{"rendered":"http:\/\/rotary.kielce.pl\/?p=2560"},"modified":"2026-04-17T23:57:46","modified_gmt":"2026-04-17T21:57:46","slug":"pozegnanie-andrzeja-neimitza-30-lat-byl-w-rotary","status":"publish","type":"post","link":"http:\/\/rotary.kielce.pl\/?p=2560","title":{"rendered":"Ostatnie po\u017cegnanie Andrzeja Neimitza"},"content":{"rendered":"<p>Po\u017cegnali\u015bmy Koleg\u0119. 30 lat by\u0142 w Rotary.<br>W \u017cyciu spotykamy wielu ludzi, ale osobowo\u015bci ju\u017c znacznie mniej, a <strong>profesor dr hab. in\u017c. Andrzej Neimitz,<\/strong> rektor Politechniki \u015awi\u0119tokrzyskiej w latach 1990-1996, Doktor Honoris Causa, by\u0142 w\u0142a\u015bnie tak\u0105 osob\u0105. Inteligentny, profesjonalny, dowcipny i charyzmatyczny. By\u0142 autorytetem w dziedzinie mechaniki p\u0119kania oraz zniszcze\u0144 materia\u0142\u00f3w. Doceni\u0142a to m.in. NASA zapraszaj\u0105c go do pracy w zespole, kt\u00f3ry mia\u0142 wskaza\u0107 przyczyn\u0119 tragicznego lotu promu kosmicznego Challenger. Andrzej od 30 lat by\u0142 cz\u0142onkiem naszego Klubu Rotary Kielce, w tym dwa razy jego prezydentem. Wsp\u00f3lnie z nami budowa\u0142 program organizacji, inspirowa\u0142 i doradza\u0142. Jak wa\u017cne by\u0142o dla niego Rotary niech \u015bwiadczy fakt, \u017ce za\u017c\u0105da\u0142, aby po \u015bmierci by\u0142 skremowany z Odznak\u0105 Paula Harrisa. Poprosi\u0142 tak\u017ce, aby nie kupowano kwiat\u00f3w, a przekazano dobrowolne wp\u0142aty na wsparcie Domu dla os\u00f3b dotkni\u0119tych autyzmem w Kielcach. Wsp\u00f3\u0142praca z Krajowym Towarzystwem Autyzmu Oddzia\u0142 Kielce jest filarem dzia\u0142alno\u015bci kieleckiego Rotary. Prywatnie by\u0142 pasjonatem bryd\u017ca i golfa. Zmar\u0142 kilka dni temu pozostawiaj\u0105c w naszych sercach pustk\u0119. Wyrazy wsp\u00f3\u0142czucia przekazujemy najbli\u017cszej rodzinie Andrzeja i przyjacio\u0142om.<\/p>\n\n\n<figure class=\"wp-block-image size-large\"><a href=\"http:\/\/rotary.kielce.pl\/wp-content\/uploads\/2026\/04\/Andrzej-Neimitz3.jpg\"><img decoding=\"async\" loading=\"lazy\" width=\"428\" height=\"1024\" src=\"http:\/\/rotary.kielce.pl\/wp-content\/uploads\/2026\/04\/Andrzej-Neimitz3-428x1024.jpg\" alt=\"\" class=\"wp-image-2575\" srcset=\"http:\/\/rotary.kielce.pl\/wp-content\/uploads\/2026\/04\/Andrzej-Neimitz3-428x1024.jpg 428w, http:\/\/rotary.kielce.pl\/wp-content\/uploads\/2026\/04\/Andrzej-Neimitz3-126x300.jpg 126w, http:\/\/rotary.kielce.pl\/wp-content\/uploads\/2026\/04\/Andrzej-Neimitz3.jpg 669w\" sizes=\"(max-width: 428px) 100vw, 428px\" \/><\/a><\/figure>\n","protected":false},"excerpt":{"rendered":"<p>Po\u017cegnali\u015bmy Koleg\u0119. 30 lat by\u0142 w Rotary.W \u017cyciu spotykamy wielu ludzi, ale osobowo\u015bci ju\u017c znacznie mniej, a profesor dr hab. in\u017c. Andrzej Neimitz, rektor Politechniki \u015awi\u0119tokrzyskiej w latach 1990-1996, Doktor Honoris Causa, by\u0142 w\u0142a\u015bnie&#46;&#46;&#46;<\/p>\n","protected":false},"author":5,"featured_media":2566,"comment_status":"closed","ping_status":"closed","sticky":false,"template":"","format":"standard","meta":[],"categories":[7],"tags":[],"_links":{"self":[{"href":"http:\/\/rotary.kielce.pl\/index.php?rest_route=\/wp\/v2\/posts\/2560"}],"collection":[{"href":"http:\/\/rotary.kielce.pl\/index.php?rest_route=\/wp\/v2\/posts"}],"about":[{"href":"http:\/\/rotary.kielce.pl\/index.php?rest_route=\/wp\/v2\/types\/post"}],"author":[{"embeddable":true,"href":"http:\/\/rotary.kielce.pl\/index.php?rest_route=\/wp\/v2\/users\/5"}],"replies":[{"embeddable":true,"href":"http:\/\/rotary.kielce.pl\/index.php?rest_route=%2Fwp%2Fv2%2Fcomments&post=2560"}],"version-history":[{"count":10,"href":"http:\/\/rotary.kielce.pl\/index.php?rest_route=\/wp\/v2\/posts\/2560\/revisions"}],"predecessor-version":[{"id":2578,"href":"http:\/\/rotary.kielce.pl\/index.php?rest_route=\/wp\/v2\/posts\/2560\/revisions\/2578"}],"wp:featuredmedia":[{"embeddable":true,"href":"http:\/\/rotary.kielce.pl\/index.php?rest_route=\/wp\/v2\/media\/2566"}],"wp:attachment":[{"href":"http:\/\/rotary.kielce.pl\/index.php?rest_route=%2Fwp%2Fv2%2Fmedia&parent=2560"}],"wp:term":[{"taxonomy":"category","embeddable":true,"href":"http:\/\/rotary.kielce.pl\/index.php?rest_route=%2Fwp%2Fv2%2Fcategories&post=2560"},{"taxonomy":"post_tag","embeddable":true,"href":"http:\/\/rotary.kielce.pl\/index.php?rest_route=%2Fwp%2Fv2%2Ftags&post=2560"}],"curies":[{"name":"wp","href":"https:\/\/api.w.org\/{rel}","templated":true}]}}