{"id":617,"date":"2016-11-26T17:04:54","date_gmt":"2016-11-26T16:04:54","guid":{"rendered":"http:\/\/rotary.kielce.pl\/?p=617"},"modified":"2017-10-16T12:36:40","modified_gmt":"2017-10-16T10:36:40","slug":"spotkanie-z-gubernatorem-dystryktu-2231","status":"publish","type":"post","link":"http:\/\/rotary.kielce.pl\/?p=617","title":{"rendered":"Spotkanie z Gubernatorem Dystryktu 2231"},"content":{"rendered":"<p>23.11.2016 odby\u0142o si\u0119 spotkanie klubu RC Kielce z Gubernatorem Dystryktu 2231 Krzysztofem Kopyci\u0144skim. om\u00f3wiono bie\u017c\u0105ce sprawy kRC Kielce i Dystryktu w szczeg\u00f3lno\u015bci zaanga\u017cowania klubu w akcj\u0119 zbi\u00f3rki 50 000 USD na Rotary Fundation .<\/p>\n<p><a href=\"http:\/\/rotary.kielce.pl\/wp-content\/uploads\/2016\/11\/prez7.jpg\"><img decoding=\"async\" loading=\"lazy\" class=\"alignnone size-full wp-image-625\" alt=\"prez7\" src=\"http:\/\/rotary.kielce.pl\/wp-content\/uploads\/2016\/11\/prez7.jpg\" width=\"640\" height=\"480\" srcset=\"http:\/\/rotary.kielce.pl\/wp-content\/uploads\/2016\/11\/prez7.jpg 640w, http:\/\/rotary.kielce.pl\/wp-content\/uploads\/2016\/11\/prez7-300x225.jpg 300w\" sizes=\"(max-width: 640px) 100vw, 640px\" \/><\/a><\/p>\n<p><a href=\"http:\/\/rotary.kielce.pl\/wp-content\/uploads\/2016\/11\/prez6.jpg\"><img decoding=\"async\" loading=\"lazy\" class=\"alignnone size-full wp-image-624\" alt=\"prez6\" src=\"http:\/\/rotary.kielce.pl\/wp-content\/uploads\/2016\/11\/prez6.jpg\" width=\"640\" height=\"480\" srcset=\"http:\/\/rotary.kielce.pl\/wp-content\/uploads\/2016\/11\/prez6.jpg 640w, http:\/\/rotary.kielce.pl\/wp-content\/uploads\/2016\/11\/prez6-300x225.jpg 300w\" sizes=\"(max-width: 640px) 100vw, 640px\" \/><\/a><\/p>\n<p><a href=\"http:\/\/rotary.kielce.pl\/wp-content\/uploads\/2016\/11\/prez5.jpg\"><img decoding=\"async\" loading=\"lazy\" class=\"alignnone size-full wp-image-623\" alt=\"prez5\" src=\"http:\/\/rotary.kielce.pl\/wp-content\/uploads\/2016\/11\/prez5.jpg\" width=\"640\" height=\"480\" srcset=\"http:\/\/rotary.kielce.pl\/wp-content\/uploads\/2016\/11\/prez5.jpg 640w, http:\/\/rotary.kielce.pl\/wp-content\/uploads\/2016\/11\/prez5-300x225.jpg 300w\" sizes=\"(max-width: 640px) 100vw, 640px\" \/><\/a><\/p>\n<p><a href=\"http:\/\/rotary.kielce.pl\/wp-content\/uploads\/2016\/11\/prez4.jpg\"><img decoding=\"async\" loading=\"lazy\" class=\"alignnone size-full wp-image-622\" alt=\"prez4\" src=\"http:\/\/rotary.kielce.pl\/wp-content\/uploads\/2016\/11\/prez4.jpg\" width=\"640\" height=\"480\" srcset=\"http:\/\/rotary.kielce.pl\/wp-content\/uploads\/2016\/11\/prez4.jpg 640w, http:\/\/rotary.kielce.pl\/wp-content\/uploads\/2016\/11\/prez4-300x225.jpg 300w\" sizes=\"(max-width: 640px) 100vw, 640px\" \/><\/a><\/p>\n<p><a href=\"http:\/\/rotary.kielce.pl\/wp-content\/uploads\/2016\/11\/prez3.jpg\"><img decoding=\"async\" loading=\"lazy\" class=\"alignnone size-full wp-image-621\" alt=\"prez3\" src=\"http:\/\/rotary.kielce.pl\/wp-content\/uploads\/2016\/11\/prez3.jpg\" width=\"640\" height=\"480\" srcset=\"http:\/\/rotary.kielce.pl\/wp-content\/uploads\/2016\/11\/prez3.jpg 640w, http:\/\/rotary.kielce.pl\/wp-content\/uploads\/2016\/11\/prez3-300x225.jpg 300w\" sizes=\"(max-width: 640px) 100vw, 640px\" \/><\/a><\/p>\n<p><a href=\"http:\/\/rotary.kielce.pl\/wp-content\/uploads\/2016\/11\/prez2.jpg\"><img decoding=\"async\" loading=\"lazy\" class=\"alignnone size-full wp-image-620\" alt=\"prez2\" src=\"http:\/\/rotary.kielce.pl\/wp-content\/uploads\/2016\/11\/prez2.jpg\" width=\"640\" height=\"480\" srcset=\"http:\/\/rotary.kielce.pl\/wp-content\/uploads\/2016\/11\/prez2.jpg 640w, http:\/\/rotary.kielce.pl\/wp-content\/uploads\/2016\/11\/prez2-300x225.jpg 300w\" sizes=\"(max-width: 640px) 100vw, 640px\" \/><\/a><\/p>\n<p><a href=\"http:\/\/rotary.kielce.pl\/wp-content\/uploads\/2016\/11\/prez1.jpg\"><img decoding=\"async\" loading=\"lazy\" class=\"alignnone size-full wp-image-619\" alt=\"prez1\" src=\"http:\/\/rotary.kielce.pl\/wp-content\/uploads\/2016\/11\/prez1.jpg\" width=\"640\" height=\"480\" srcset=\"http:\/\/rotary.kielce.pl\/wp-content\/uploads\/2016\/11\/prez1.jpg 640w, http:\/\/rotary.kielce.pl\/wp-content\/uploads\/2016\/11\/prez1-300x225.jpg 300w\" sizes=\"(max-width: 640px) 100vw, 640px\" \/><\/a><\/p>\n","protected":false},"excerpt":{"rendered":"<p>23.11.2016 odby\u0142o si\u0119 spotkanie klubu RC Kielce z Gubernatorem Dystryktu 2231 Krzysztofem Kopyci\u0144skim. om\u00f3wiono bie\u017c\u0105ce sprawy kRC Kielce i Dystryktu w szczeg\u00f3lno\u015bci zaanga\u017cowania klubu w akcj\u0119 zbi\u00f3rki 50 000 USD na Rotary Fundation .<\/p>\n","protected":false},"author":5,"featured_media":625,"comment_status":"closed","ping_status":"closed","sticky":false,"template":"","format":"standard","meta":[],"categories":[4],"tags":[],"_links":{"self":[{"href":"http:\/\/rotary.kielce.pl\/index.php?rest_route=\/wp\/v2\/posts\/617"}],"collection":[{"href":"http:\/\/rotary.kielce.pl\/index.php?rest_route=\/wp\/v2\/posts"}],"about":[{"href":"http:\/\/rotary.kielce.pl\/index.php?rest_route=\/wp\/v2\/types\/post"}],"author":[{"embeddable":true,"href":"http:\/\/rotary.kielce.pl\/index.php?rest_route=\/wp\/v2\/users\/5"}],"replies":[{"embeddable":true,"href":"http:\/\/rotary.kielce.pl\/index.php?rest_route=%2Fwp%2Fv2%2Fcomments&post=617"}],"version-history":[{"count":4,"href":"http:\/\/rotary.kielce.pl\/index.php?rest_route=\/wp\/v2\/posts\/617\/revisions"}],"predecessor-version":[{"id":772,"href":"http:\/\/rotary.kielce.pl\/index.php?rest_route=\/wp\/v2\/posts\/617\/revisions\/772"}],"wp:featuredmedia":[{"embeddable":true,"href":"http:\/\/rotary.kielce.pl\/index.php?rest_route=\/wp\/v2\/media\/625"}],"wp:attachment":[{"href":"http:\/\/rotary.kielce.pl\/index.php?rest_route=%2Fwp%2Fv2%2Fmedia&parent=617"}],"wp:term":[{"taxonomy":"category","embeddable":true,"href":"http:\/\/rotary.kielce.pl\/index.php?rest_route=%2Fwp%2Fv2%2Fcategories&post=617"},{"taxonomy":"post_tag","embeddable":true,"href":"http:\/\/rotary.kielce.pl\/index.php?rest_route=%2Fwp%2Fv2%2Ftags&post=617"}],"curies":[{"name":"wp","href":"https:\/\/api.w.org\/{rel}","templated":true}]}}