{"id":715,"date":"2017-07-19T12:45:41","date_gmt":"2017-07-19T10:45:41","guid":{"rendered":"http:\/\/rotary.kielce.pl\/?p=715"},"modified":"2017-07-19T13:06:14","modified_gmt":"2017-07-19T11:06:14","slug":"spotkanie-z-rodzicami-przyjmujacymi-mlodziez-z-wymiany-miedzynarodowej","status":"publish","type":"post","link":"http:\/\/rotary.kielce.pl\/?p=715","title":{"rendered":"Spotkanie w dniu 18.07.2017"},"content":{"rendered":"<p><strong>Spotkanie z rodzicami przyjmuj\u0105cymi m\u0142odzie\u017c z wymiany mi\u0119dzynarodowej.<br \/>\nPodzi\u0119kowania dla Magdy \u017bmijewskiej za jej wielki wk\u0142ad w organizacj\u0119 wymiany mi\u0119dzynarodowej m\u0142odzie\u017cy dla \u00a0RC Kielce i ca\u0142ego naszego dystryktu 2231 !!!<\/strong><\/p>\n<p><a href=\"http:\/\/rotary.kielce.pl\/wp-content\/uploads\/2017\/07\/DSC_0257.jpg\"><img decoding=\"async\" loading=\"lazy\" class=\"alignnone size-full wp-image-716\" alt=\"DSC_0257\" src=\"http:\/\/rotary.kielce.pl\/wp-content\/uploads\/2017\/07\/DSC_0257.jpg\" width=\"1000\" height=\"666\" srcset=\"http:\/\/rotary.kielce.pl\/wp-content\/uploads\/2017\/07\/DSC_0257.jpg 1000w, http:\/\/rotary.kielce.pl\/wp-content\/uploads\/2017\/07\/DSC_0257-300x199.jpg 300w\" sizes=\"(max-width: 1000px) 100vw, 1000px\" \/><\/a> <a href=\"http:\/\/rotary.kielce.pl\/wp-content\/uploads\/2017\/07\/DSC_0259.jpg\"><img decoding=\"async\" loading=\"lazy\" class=\"alignnone size-full wp-image-717\" alt=\"DSC_0259\" src=\"http:\/\/rotary.kielce.pl\/wp-content\/uploads\/2017\/07\/DSC_0259.jpg\" width=\"1000\" height=\"666\" srcset=\"http:\/\/rotary.kielce.pl\/wp-content\/uploads\/2017\/07\/DSC_0259.jpg 1000w, http:\/\/rotary.kielce.pl\/wp-content\/uploads\/2017\/07\/DSC_0259-300x199.jpg 300w\" sizes=\"(max-width: 1000px) 100vw, 1000px\" \/><\/a> <a href=\"http:\/\/rotary.kielce.pl\/wp-content\/uploads\/2017\/07\/DSC_0261.jpg\"><img decoding=\"async\" loading=\"lazy\" class=\"alignnone size-full wp-image-718\" alt=\"DSC_0261\" src=\"http:\/\/rotary.kielce.pl\/wp-content\/uploads\/2017\/07\/DSC_0261.jpg\" width=\"1000\" height=\"666\" srcset=\"http:\/\/rotary.kielce.pl\/wp-content\/uploads\/2017\/07\/DSC_0261.jpg 1000w, http:\/\/rotary.kielce.pl\/wp-content\/uploads\/2017\/07\/DSC_0261-300x199.jpg 300w\" sizes=\"(max-width: 1000px) 100vw, 1000px\" \/><\/a> <a href=\"http:\/\/rotary.kielce.pl\/wp-content\/uploads\/2017\/07\/DSC_0263.jpg\"><img decoding=\"async\" loading=\"lazy\" class=\"alignnone size-full wp-image-719\" alt=\"DSC_0263\" src=\"http:\/\/rotary.kielce.pl\/wp-content\/uploads\/2017\/07\/DSC_0263.jpg\" width=\"1000\" height=\"666\" srcset=\"http:\/\/rotary.kielce.pl\/wp-content\/uploads\/2017\/07\/DSC_0263.jpg 1000w, http:\/\/rotary.kielce.pl\/wp-content\/uploads\/2017\/07\/DSC_0263-300x199.jpg 300w\" sizes=\"(max-width: 1000px) 100vw, 1000px\" \/><\/a> <a href=\"http:\/\/rotary.kielce.pl\/wp-content\/uploads\/2017\/07\/DSC_0264.jpg\"><img decoding=\"async\" loading=\"lazy\" class=\"alignnone size-full wp-image-720\" alt=\"DSC_0264\" src=\"http:\/\/rotary.kielce.pl\/wp-content\/uploads\/2017\/07\/DSC_0264.jpg\" width=\"1000\" height=\"666\" srcset=\"http:\/\/rotary.kielce.pl\/wp-content\/uploads\/2017\/07\/DSC_0264.jpg 1000w, http:\/\/rotary.kielce.pl\/wp-content\/uploads\/2017\/07\/DSC_0264-300x199.jpg 300w\" sizes=\"(max-width: 1000px) 100vw, 1000px\" \/><\/a><\/p>\n","protected":false},"excerpt":{"rendered":"<p>Spotkanie z rodzicami przyjmuj\u0105cymi m\u0142odzie\u017c z wymiany mi\u0119dzynarodowej. Podzi\u0119kowania dla Magdy \u017bmijewskiej za jej wielki wk\u0142ad w organizacj\u0119 wymiany mi\u0119dzynarodowej m\u0142odzie\u017cy dla \u00a0RC Kielce i ca\u0142ego naszego dystryktu 2231 !!!<\/p>\n","protected":false},"author":5,"featured_media":718,"comment_status":"closed","ping_status":"closed","sticky":false,"template":"","format":"standard","meta":[],"categories":[7],"tags":[],"_links":{"self":[{"href":"http:\/\/rotary.kielce.pl\/index.php?rest_route=\/wp\/v2\/posts\/715"}],"collection":[{"href":"http:\/\/rotary.kielce.pl\/index.php?rest_route=\/wp\/v2\/posts"}],"about":[{"href":"http:\/\/rotary.kielce.pl\/index.php?rest_route=\/wp\/v2\/types\/post"}],"author":[{"embeddable":true,"href":"http:\/\/rotary.kielce.pl\/index.php?rest_route=\/wp\/v2\/users\/5"}],"replies":[{"embeddable":true,"href":"http:\/\/rotary.kielce.pl\/index.php?rest_route=%2Fwp%2Fv2%2Fcomments&post=715"}],"version-history":[{"count":9,"href":"http:\/\/rotary.kielce.pl\/index.php?rest_route=\/wp\/v2\/posts\/715\/revisions"}],"predecessor-version":[{"id":729,"href":"http:\/\/rotary.kielce.pl\/index.php?rest_route=\/wp\/v2\/posts\/715\/revisions\/729"}],"wp:featuredmedia":[{"embeddable":true,"href":"http:\/\/rotary.kielce.pl\/index.php?rest_route=\/wp\/v2\/media\/718"}],"wp:attachment":[{"href":"http:\/\/rotary.kielce.pl\/index.php?rest_route=%2Fwp%2Fv2%2Fmedia&parent=715"}],"wp:term":[{"taxonomy":"category","embeddable":true,"href":"http:\/\/rotary.kielce.pl\/index.php?rest_route=%2Fwp%2Fv2%2Fcategories&post=715"},{"taxonomy":"post_tag","embeddable":true,"href":"http:\/\/rotary.kielce.pl\/index.php?rest_route=%2Fwp%2Fv2%2Ftags&post=715"}],"curies":[{"name":"wp","href":"https:\/\/api.w.org\/{rel}","templated":true}]}}