{"id":872,"date":"2018-01-30T17:06:56","date_gmt":"2018-01-30T16:06:56","guid":{"rendered":"http:\/\/rotary.kielce.pl\/?p=872"},"modified":"2018-01-30T17:07:44","modified_gmt":"2018-01-30T16:07:44","slug":"rotary-kielce-dla-zdrowia-dzieci","status":"publish","type":"post","link":"http:\/\/rotary.kielce.pl\/?p=872","title":{"rendered":"Rotary Kielce dla zdrowia dzieci."},"content":{"rendered":"<blockquote><p>O profilaktyce bada\u0144 dla dzieci wykluczaj\u0105cych zmiany nowotworowe, sekretarz naszego Klubu rozmawia\u0142 30 stycznia w Busku-Zdroju z przedstawicielami Fundacji &#8221; S\u0142oneczna Przysz\u0142o\u015b\u0107&#8221;. Klub Rotary Kielce chce w\u0142\u0105czy\u0107 si\u0119 w program &#8221; Kocham, wi\u0119c badam&#8221;. W marcu planujemy pierwsze dzia\u0142ania. Badania mia\u0142yby obj\u0105\u0107 od 40 do 80 dzieci w wieku do 6 lat. Prezes Anna Korczy\u0144ska- Wieloch przedstawi\u0142a dzia\u0142ania Fundacji oraz warunki wsp\u00f3\u0142pracy.<br \/>\n<strong>Marcin Krzeminski<\/strong><\/p>\n<p><a href=\"http:\/\/rotary.kielce.pl\/wp-content\/uploads\/2018\/01\/DSC_0660.jpg\"><img decoding=\"async\" loading=\"lazy\" class=\"alignnone size-full wp-image-873\" alt=\"DSC_0660\" src=\"http:\/\/rotary.kielce.pl\/wp-content\/uploads\/2018\/01\/DSC_0660.jpg\" width=\"1000\" height=\"666\" srcset=\"http:\/\/rotary.kielce.pl\/wp-content\/uploads\/2018\/01\/DSC_0660.jpg 1000w, http:\/\/rotary.kielce.pl\/wp-content\/uploads\/2018\/01\/DSC_0660-300x199.jpg 300w\" sizes=\"(max-width: 1000px) 100vw, 1000px\" \/><\/a><\/p>\n<p>&nbsp;<\/p><\/blockquote>\n<p>&nbsp;<\/p>\n","protected":false},"excerpt":{"rendered":"<p>O profilaktyce bada\u0144 dla dzieci wykluczaj\u0105cych zmiany nowotworowe, sekretarz naszego Klubu rozmawia\u0142 30 stycznia w Busku-Zdroju z przedstawicielami Fundacji &#8221; S\u0142oneczna Przysz\u0142o\u015b\u0107&#8221;. Klub Rotary Kielce chce w\u0142\u0105czy\u0107 si\u0119 w program &#8221; Kocham, wi\u0119c badam&#8221;.&#46;&#46;&#46;<\/p>\n","protected":false},"author":5,"featured_media":873,"comment_status":"closed","ping_status":"closed","sticky":false,"template":"","format":"standard","meta":[],"categories":[7],"tags":[],"_links":{"self":[{"href":"http:\/\/rotary.kielce.pl\/index.php?rest_route=\/wp\/v2\/posts\/872"}],"collection":[{"href":"http:\/\/rotary.kielce.pl\/index.php?rest_route=\/wp\/v2\/posts"}],"about":[{"href":"http:\/\/rotary.kielce.pl\/index.php?rest_route=\/wp\/v2\/types\/post"}],"author":[{"embeddable":true,"href":"http:\/\/rotary.kielce.pl\/index.php?rest_route=\/wp\/v2\/users\/5"}],"replies":[{"embeddable":true,"href":"http:\/\/rotary.kielce.pl\/index.php?rest_route=%2Fwp%2Fv2%2Fcomments&post=872"}],"version-history":[{"count":1,"href":"http:\/\/rotary.kielce.pl\/index.php?rest_route=\/wp\/v2\/posts\/872\/revisions"}],"predecessor-version":[{"id":874,"href":"http:\/\/rotary.kielce.pl\/index.php?rest_route=\/wp\/v2\/posts\/872\/revisions\/874"}],"wp:featuredmedia":[{"embeddable":true,"href":"http:\/\/rotary.kielce.pl\/index.php?rest_route=\/wp\/v2\/media\/873"}],"wp:attachment":[{"href":"http:\/\/rotary.kielce.pl\/index.php?rest_route=%2Fwp%2Fv2%2Fmedia&parent=872"}],"wp:term":[{"taxonomy":"category","embeddable":true,"href":"http:\/\/rotary.kielce.pl\/index.php?rest_route=%2Fwp%2Fv2%2Fcategories&post=872"},{"taxonomy":"post_tag","embeddable":true,"href":"http:\/\/rotary.kielce.pl\/index.php?rest_route=%2Fwp%2Fv2%2Ftags&post=872"}],"curies":[{"name":"wp","href":"https:\/\/api.w.org\/{rel}","templated":true}]}}