{"id":908,"date":"2018-02-07T19:49:29","date_gmt":"2018-02-07T18:49:29","guid":{"rendered":"http:\/\/rotary.kielce.pl\/?p=908"},"modified":"2018-02-07T19:54:19","modified_gmt":"2018-02-07T18:54:19","slug":"sekretarz-generalny-international-human-rights-commission-gosciem-spotkania","status":"publish","type":"post","link":"http:\/\/rotary.kielce.pl\/?p=908","title":{"rendered":"Sekretarz Generalny International Human Rights Commission go\u015bciem spotkania."},"content":{"rendered":"<p>Rafa\u0142 M. Wasik sekretarz generalny Mi\u0119dzynarodowej Komisji Praw Cz\u0142owieka by\u0142 go\u015bciem cotygodniowego \u00a0 \u00a0spotkania naszego klubu \u00a0(2018.02.05)\u00a0. \u00a0Wys\u0142uchali\u015bmy informacji o dzia\u0142aniach Komisji oraz sytuacji mi\u0119dzynarodowej.<\/p>\n<p>Wa\u017cnym punktem w dyskusji by\u0142a inicjatywa Klubu Rotary Kielce w zakresie profilaktyki badania dzieci. Nasz Klub przy wsp\u00f3\u0142pracy z burmistrzem gminy Miedziana G\u00f3ra zorganizuje badanie dzieci w wieku do 6 lat. Lekarze z Fundacji S\u0142oneczna Przysz\u0142o\u015b\u0107 b\u0119d\u0105 pr\u00f3bowali wykry\u0107 ewentualne zagro\u017cenia chorobami nowotworowymi.\u00a0 Bezp\u0142atnie przebadanych b\u0119dzie 40 dzieci. Ustalono termin na 19 marca. Za ok. miesi\u0105c odb\u0119d\u0105 si\u0119 zapisy o czym poinformujemy.<\/p>\n<p>&nbsp;<\/p>\n<p><a href=\"http:\/\/rotary.kielce.pl\/wp-content\/uploads\/2018\/02\/DSC_0894.jpg\"><img decoding=\"async\" loading=\"lazy\" class=\"alignnone size-full wp-image-909\" alt=\"DSC_0894\" src=\"http:\/\/rotary.kielce.pl\/wp-content\/uploads\/2018\/02\/DSC_0894.jpg\" width=\"1000\" height=\"666\" srcset=\"http:\/\/rotary.kielce.pl\/wp-content\/uploads\/2018\/02\/DSC_0894.jpg 1000w, http:\/\/rotary.kielce.pl\/wp-content\/uploads\/2018\/02\/DSC_0894-300x199.jpg 300w\" sizes=\"(max-width: 1000px) 100vw, 1000px\" \/><\/a> <a href=\"http:\/\/rotary.kielce.pl\/wp-content\/uploads\/2018\/02\/DSC_0896.jpg\"><img decoding=\"async\" loading=\"lazy\" class=\"alignnone size-full wp-image-910\" alt=\"DSC_0896\" src=\"http:\/\/rotary.kielce.pl\/wp-content\/uploads\/2018\/02\/DSC_0896.jpg\" width=\"1000\" height=\"666\" srcset=\"http:\/\/rotary.kielce.pl\/wp-content\/uploads\/2018\/02\/DSC_0896.jpg 1000w, http:\/\/rotary.kielce.pl\/wp-content\/uploads\/2018\/02\/DSC_0896-300x199.jpg 300w\" sizes=\"(max-width: 1000px) 100vw, 1000px\" \/><\/a><\/p>\n<hr \/>\n","protected":false},"excerpt":{"rendered":"<p>Rafa\u0142 M. Wasik sekretarz generalny Mi\u0119dzynarodowej Komisji Praw Cz\u0142owieka by\u0142 go\u015bciem cotygodniowego \u00a0 \u00a0spotkania naszego klubu \u00a0(2018.02.05)\u00a0. \u00a0Wys\u0142uchali\u015bmy informacji o dzia\u0142aniach Komisji oraz sytuacji mi\u0119dzynarodowej. Wa\u017cnym punktem w dyskusji by\u0142a inicjatywa Klubu Rotary Kielce&#46;&#46;&#46;<\/p>\n","protected":false},"author":5,"featured_media":910,"comment_status":"closed","ping_status":"closed","sticky":false,"template":"","format":"standard","meta":[],"categories":[7],"tags":[],"_links":{"self":[{"href":"http:\/\/rotary.kielce.pl\/index.php?rest_route=\/wp\/v2\/posts\/908"}],"collection":[{"href":"http:\/\/rotary.kielce.pl\/index.php?rest_route=\/wp\/v2\/posts"}],"about":[{"href":"http:\/\/rotary.kielce.pl\/index.php?rest_route=\/wp\/v2\/types\/post"}],"author":[{"embeddable":true,"href":"http:\/\/rotary.kielce.pl\/index.php?rest_route=\/wp\/v2\/users\/5"}],"replies":[{"embeddable":true,"href":"http:\/\/rotary.kielce.pl\/index.php?rest_route=%2Fwp%2Fv2%2Fcomments&post=908"}],"version-history":[{"count":5,"href":"http:\/\/rotary.kielce.pl\/index.php?rest_route=\/wp\/v2\/posts\/908\/revisions"}],"predecessor-version":[{"id":915,"href":"http:\/\/rotary.kielce.pl\/index.php?rest_route=\/wp\/v2\/posts\/908\/revisions\/915"}],"wp:featuredmedia":[{"embeddable":true,"href":"http:\/\/rotary.kielce.pl\/index.php?rest_route=\/wp\/v2\/media\/910"}],"wp:attachment":[{"href":"http:\/\/rotary.kielce.pl\/index.php?rest_route=%2Fwp%2Fv2%2Fmedia&parent=908"}],"wp:term":[{"taxonomy":"category","embeddable":true,"href":"http:\/\/rotary.kielce.pl\/index.php?rest_route=%2Fwp%2Fv2%2Fcategories&post=908"},{"taxonomy":"post_tag","embeddable":true,"href":"http:\/\/rotary.kielce.pl\/index.php?rest_route=%2Fwp%2Fv2%2Ftags&post=908"}],"curies":[{"name":"wp","href":"https:\/\/api.w.org\/{rel}","templated":true}]}}